{"id":138801,"date":"2026-03-26T15:06:14","date_gmt":"2026-03-26T15:06:14","guid":{"rendered":"https:\/\/www.europesays.com\/ee\/138801\/"},"modified":"2026-03-26T15:06:14","modified_gmt":"2026-03-26T15:06:14","slug":"seitsme-kuuga-molemad-randmed-katki-kukkunud-gouram-akki-kui-ma-kolm-varavat-loon-soccernet-ee","status":"publish","type":"post","link":"https:\/\/www.europesays.com\/ee\/138801\/","title":{"rendered":"Seitsme kuuga m\u00f5lemad randmed katki kukkunud Gouram: \u00e4kki, kui ma kolm v\u00e4ravat l\u00f6\u00f6n &#8230; &#8211; Soccernet.ee"},"content":{"rendered":"<p><img decoding=\"async\" src=\"https:\/\/www.europesays.com\/ee\/wp-content\/uploads\/2026\/03\/1757098889.jpg\" alt=\"Soufian Gouram. Foto: Katariina Peetson \/ jalgpall.ee\"\/>&#13;\n<\/p>\n<p>Mitu korda A-koondise l\u00e4vel olnud Soufian Gouram oleks kui m\u00f5ne k\u00f5rgema j\u00f5u v\u00e4lja vihastanud, sest selgi korral segas kutsele vahele tervis. 19-aastane poolkaitsja nendib, et t\u00f5esti kisub juba totraks, aga ei muretse, sest usub, et \u00fchel p\u00e4eval tuleb deb\u00fc\u00fct \u00e4ra.<\/p>\n<p>Soufian Gouram on Eesti jalgpallis\u00f5pradele tuttavaks saanud viimase aastaga, kui ta t\u00f5usis U21 vanuseklassi. Tegelikult pani talle 2024. aasta alguses silma peale juba Thomas H\u00e4berli, aga pikk vigastuspaus ei lubanud koondisekutset vastu v\u00f5tta. Ka mullu m\u00f5lgutas J\u00fcrgen Henn Gourami kaasamise m\u00f5tteid, aga j\u00e4lle polnud tervis piisav, et A-koondisesse s\u00f5ita. Seda n\u00fc\u00fcdki, kui puudujaid on iseenesest palju ning v\u00f5imalus silma j\u00e4\u00e4da hea.&#13;\n<\/p>\n<p>Kui eelmise aasta alguseni maadles noor poolkaitsja \u00fclipikalt puusapiirkonnas olnud vigastusega, siis n\u00fc\u00fcd on pilti kerkinud randmed. Ja sealjuures m\u00f5lemad: kui kaheksa kuu eest murdis Gouram vasaku randme, siis kolm n\u00e4dalat tagasi kukkus ta katki teise!&#13;\n<\/p>\n<p>&#8220;Meil oli t\u00e4navu v\u00e4ga pikk talv. Kuna meie liigat m\u00e4ngitakse murul, aga seda ei saanud pikalt teha, siis neli m\u00e4ngu l\u00fckati edasi. Nii pidasime talvel lausa kaheksa s\u00f5prusm\u00e4ngu ja neist viimases kukkusin viimasel minutil v\u00e4ga \u00f5nnetult k\u00e4e peale. Kohe oli n\u00e4ha, et ranne oli murdunud,&#8221; meenutab Gouram intervjuus Soccernet.ee-le.<\/p>\n<blockquote class=\"instagram-media\" data-instgrm-permalink=\"https:\/\/www.instagram.com\/p\/DWLwQ1QjWGw\/?utm_source=ig_embed&amp;utm_campaign=loading\" data-instgrm-version=\"14\" style=\" background:#FFF; border:0; border-radius:3px; box-shadow:0 0 1px 0 rgba(0,0,0,0.5),0 1px 10px 0 rgba(0,0,0,0.15); margin: 1px; max-width:540px; min-width:326px; padding:0; width:99.375%; width:-webkit-calc(100% - 2px); width:calc(100% - 2px);\"><p>&#13;<br \/>\n&#13;\n<\/p><\/blockquote>\n<p>Katkise randmega tuli esmalt k\u00e4ia operatsioonil, mis t\u00e4hendas v\u00e4ikest vigastuspausi. Samal ajal tegi Henn valikuid A-koondiseks ja v\u00f5ttis k\u00f5ne ka Gouramile, kes piisava vormi puudumisel j\u00e4llegi joone alla pidi j\u00e4\u00e4ma. Tol hetkel polnud Gouramil uuesti all \u00fchtki minutit ning Henni \u00fcmber moosida polnud m\u00f5tet.<\/p>\n<p>&#8220;Ta helistas mulle isiklikult ja \u00fctles, et ma ei ole 100% sellel tasemel. Ma arvan, et tal oli natuke \u00f5igus ka, sest ma ei olnud sel hetkel seda \u00fchte [liiga]m\u00e4ngu veel pidanud. Ta \u00fctles ka, et olen kaua radaril olnud ja ikka vaatab mu m\u00e4nge,&#8221; j\u00e4tkab noor poolkaitsja.&#13;\n<\/p>\n<p>K\u00fcll tuleb!&#13;\n<\/p>\n<p>Eba\u00f5nnes\u00f5duri m\u00f5\u00f5tmeid v\u00f5ttev Gouram taaskord A-koondisest k\u00f5rvale j\u00e4\u00e4misest suurt numbrit ei tee, kuid ei m\u00f5ista samuti, millise k\u00f5rgema j\u00f5u on v\u00e4lja vihastanud. &#8220;Jah, ma ka ei tea, mis see on! Algas juba, kui ma olin 17 ja n\u00fc\u00fcd eelmine kord oli ka. Ikka on alati natuke kurb, kui vaatan koosseisu ja n\u00e4en, et olen U21 j\u00e4lle. Aga ei ole midagi teha. Kui h\u00e4sti edasi m\u00e4ngin, siis varem v\u00f5i hiljem saan deb\u00fc\u00fcdi niikuinii kirja. Nii et ei tohi raisata energiat selle peale, mida ma ei saa muuta,&#8221; usub ta.&#13;\n<\/p>\n<p>Koos agendi Harri Ojamaaga on ta leidnud v\u00e4hemalt seekordses aknas \u00fcles ka m\u00fcndi teise poole, mis helgib vaat et kirkamalt. Gouram r\u00e4\u00e4gib, et A-koondise asemel U21 valikusse kuulumine au pihta kindlasti ei k\u00e4i, sest EM-valikm\u00e4ngud on suur asi. Neid j\u00e4lgivad kindlasti ka Euroopa klubide skaudid, keda ehk Rwandasse nii palju kohale ei s\u00f5ida. &#8220;Ehk ma olen ikka v\u00e4ga \u00f5nnelik, et saan siin olla isegi selle \u00fche m\u00e4ngu pealt. Ait\u00e4h Janile!&#8221; on p\u00f6ial p\u00fcsti ka peatreener Jani Saraj\u00e4rvi suunas.&#13;\n<\/p>\n<p><img decoding=\"async\" src=\"https:\/\/www.europesays.com\/ee\/wp-content\/uploads\/2026\/03\/1757098892.jpg\" alt=\"Gouramil on U21 koondise eest kirjas kaks mat\u0161i. Foto: Katariina Peetson \/ jalgpall.ee\"\/>&#13;\n<\/p>\n<p>Gouram ise kinnitab, et tunneb end vormi m\u00f5ttes ikkagi h\u00e4sti ja saab koondist t\u00e4ielikult aidata. Selle kinnituseks tegi ta n\u00e4dalavahetusel Berliini Hertha duubli eest t\u00e4ism\u00e4ngu ning kinniseotud ranne ei seganud ei iluv\u00e4rava l\u00f6\u00f6mist ega kaaslasele v\u00e4ravas\u00f6\u00f6du jagamist.<\/p>\n<p>&#8220;V\u00e4ga tore m\u00e4ng oli! Kindlasti on halvemaid m\u00e4nge, kus\u00a0comeback&#8217;i teha. V\u00e4ga ilus staadion oli ka, paar pealtvaatajat ka &#8211; midagi \u00fcle kuue tuhande. Et jah, saab ka halvemini tagasi tulla,&#8221; muheleb Gouram, kelle leer kaotas Erfurti Rot-Weissile ikkagi 2:3.&#13;\n<\/p>\n<p>V\u00e4ravaid, sest Eesti tahab v\u00f5ita ja Gouram p\u00e4\u00e4seda esindusse&#13;\n<\/p>\n<p>Eesti kohtub alanud aknas Islandi ja \u0160veitsiga, kellega Kadriorus tehti vastavalt 1:1 ja 0:2. Gouram kuulus m\u00f5lemas m\u00e4ngus p\u00f5hikoosseisu. &#8220;Minu arust oli Island isegi parem. \u0160veitsi vastu tegime super m\u00e4ngu, vaatasin m\u00e4ngu video veel p\u00e4rast \u00fcle ka. Kaotasime v\u00e4ga napilt,&#8221; meenutab ta. &#8220;K\u00f5igil on meeles, kui h\u00e4sti me m\u00e4ngisime. Motivatsioon on k\u00f5rge ja k\u00f5ik tahavad n\u00fc\u00fcd v\u00f5ita. Mul on v\u00e4ga hea tunne sees!&#8221;&#13;\n<\/p>\n<p><a href=\"https:\/\/soccernet.ee\/fotod\/u21-eesti-island\" rel=\"nofollow noopener\" target=\"_blank\"><img decoding=\"async\" src=\"https:\/\/www.europesays.com\/ee\/wp-content\/uploads\/2026\/03\/1757365968.jpg\" alt=\"Kas Eestil \u00f5nnestub Islandit v\u00f5i \u0160veitsi v\u00f5ita? Foto: Liisi Troska \/ jalgpall.ee\"\/><\/a>&#13;\n<\/p>\n<p>Ehk aitaksid head tulemused Gourami ka Saksamaale naastes. Ta r\u00e4\u00e4gib, et klubi vaatab koondisem\u00e4nge k\u00fcll, aga samas kahtleb, et mistahes \u00f5nnestumine avaks otsetee Hertha esindusse. Samas, on ta k\u00f5ike proovinud?!<\/p>\n<p>&#8220;Duubli treener vaatab ja kindlasti ka talenditreener, kes otsustab, kes l\u00e4heb esindusse ja kes m\u00e4ngib U23 v\u00f5i U19 eest. Ta tegeleb isiklikult selliste \u00fcleminekutega ja annab tagasisidet,&#8221; arutleb Gouram. &#8220;Aga, isegi kui ma l\u00f6\u00f6ks kolm v\u00e4ravat, siis ma ei usu, et saan tagasi minnes 2. Bundesligasse m\u00e4ngima &#8230; Muidugi \u00f5ige! Ma ei ole kolme v\u00e4ravat veel l\u00f6\u00f6nud, et v\u00f5ib-olla ikka saab!&#8221; muheleb ta.&#13;\n<\/p>\n<p>Siiski on ta Herthas hetkel \u00fcsna heas paigas, sest pea k\u00f5ik treeningud teeb ta koos esindusmeeskonnaga. Samas on konkurents tihe ning selle seast isegi Saksamaa tugevuselt teise liiga m\u00e4ngu pingile murda on v\u00e4ga keeruline. Kerge maitse sai Gouram, kelle leping l\u00f5ppeb suvel, suhu talvistes s\u00f5prusm\u00e4ngudes, kus ta tegi esinduse eest ka mitteametliku deb\u00fc\u00fcdi.&#13;\n<\/p>\n<p>&#8220;Peale treeninglaagrit olin v\u00e4ga-v\u00e4ga l\u00e4hedal, et koosseisu saada. Meil oli esinduses paar vigastust, aga n\u00fc\u00fcd tulevad nad vaikselt tagasi. Mul on endiselt v\u00f5imalus ennast n\u00e4idata, aga t\u00f5en\u00e4osus on veidi v\u00e4iksemaks l\u00e4inud. Tunnen, et teen h\u00e4sti trenni, aga m\u00e4ngijaid on lihtsalt nii palju, et isegi k\u00f5ik esinduse omad ei mahu koosseisu,&#8221; on v\u00f5itlus \u00fcsna karm. &#8220;Jah, ega ei tea, kui kaua see nii edasi l\u00e4heb ja kas mulle tekib veel mingi v\u00f5imalus.&#8221;<\/p>\n<p>          <script async src=\"\/\/www.instagram.com\/embed.js\"><\/script><\/p>\n","protected":false},"excerpt":{"rendered":"&#13; Mitu korda A-koondise l\u00e4vel olnud Soufian Gouram oleks kui m\u00f5ne k\u00f5rgema j\u00f5u v\u00e4lja vihastanud, sest selgi korral&hellip;\n","protected":false},"author":2,"featured_media":138802,"comment_status":"","ping_status":"","sticky":false,"template":"","format":"standard","meta":{"footnotes":"","_share_on_mastodon":"0"},"categories":[18],"tags":[19133,27458,37,33,35,7304,2639,34,36,14767,8054,14768,63057,26208,63058,63059,7305,6611,7306,1634,159,158,63055,63056,7307,2643],"class_list":["post-138801","post","type-post","status-publish","format-standard","has-post-thumbnail","category-sport","tag-berliini-hertha","tag-berliini-hertha-ii","tag-ee","tag-eesti","tag-eesti-keel","tag-eesti-u21","tag-eesti-u21-koondis","tag-estonia","tag-estonian","tag-gouram","tag-henn","tag-hertha","tag-hertha-berliin","tag-hertha-ii","tag-island-u21","tag-islandi-u21","tag-jani-sarajarvi","tag-jurgen-henn","tag-sarajarvi","tag-soufian-gouram","tag-sport","tag-sports","tag-sveits-u21","tag-sveitsi-u21","tag-u21","tag-u21-koondis"],"share_on_mastodon":{"url":"https:\/\/pubeurope.com\/@ee\/116296101641655746","error":""},"_links":{"self":[{"href":"https:\/\/www.europesays.com\/ee\/wp-json\/wp\/v2\/posts\/138801","targetHints":{"allow":["GET"]}}],"collection":[{"href":"https:\/\/www.europesays.com\/ee\/wp-json\/wp\/v2\/posts"}],"about":[{"href":"https:\/\/www.europesays.com\/ee\/wp-json\/wp\/v2\/types\/post"}],"author":[{"embeddable":true,"href":"https:\/\/www.europesays.com\/ee\/wp-json\/wp\/v2\/users\/2"}],"replies":[{"embeddable":true,"href":"https:\/\/www.europesays.com\/ee\/wp-json\/wp\/v2\/comments?post=138801"}],"version-history":[{"count":0,"href":"https:\/\/www.europesays.com\/ee\/wp-json\/wp\/v2\/posts\/138801\/revisions"}],"wp:featuredmedia":[{"embeddable":true,"href":"https:\/\/www.europesays.com\/ee\/wp-json\/wp\/v2\/media\/138802"}],"wp:attachment":[{"href":"https:\/\/www.europesays.com\/ee\/wp-json\/wp\/v2\/media?parent=138801"}],"wp:term":[{"taxonomy":"category","embeddable":true,"href":"https:\/\/www.europesays.com\/ee\/wp-json\/wp\/v2\/categories?post=138801"},{"taxonomy":"post_tag","embeddable":true,"href":"https:\/\/www.europesays.com\/ee\/wp-json\/wp\/v2\/tags?post=138801"}],"curies":[{"name":"wp","href":"https:\/\/api.w.org\/{rel}","templated":true}]}}