{"id":138833,"date":"2026-03-26T16:13:12","date_gmt":"2026-03-26T16:13:12","guid":{"rendered":"https:\/\/www.europesays.com\/ee\/138833\/"},"modified":"2026-03-26T16:13:12","modified_gmt":"2026-03-26T16:13:12","slug":"mangul-real-madridi-vastu-halvasti-kaitunud-fannid-toid-benficale-kaela-kolm-trahvi-soccernet-ee","status":"publish","type":"post","link":"https:\/\/www.europesays.com\/ee\/138833\/","title":{"rendered":"M\u00e4ngul Real Madridi vastu halvasti k\u00e4itunud f\u00e4nnid t\u00f5id Benficale kaela kolm trahvi &#8211; Soccernet.ee"},"content":{"rendered":"<p><img decoding=\"async\" src=\"https:\/\/www.europesays.com\/ee\/wp-content\/uploads\/2026\/03\/1774535781.jpg\" alt=\"Benfica f\u00e4nnide poolt vihatud Vinicius Junior. Foto: Scanpix \/ Mark Cosgrove \/ News Images via ZUMA Press Wire\"\/>&#13;\n<\/p>\n<p>Lissaboni Benfica f\u00e4nnid t\u00f5id klubile kaela kolm trahvi kogusummas 73 000 eurot, kuna k\u00e4itusid halvasti Meistrite liiga 1\/16-finaali koduses avam\u00e4ngus Real Madridi vastu.<\/p>\n<p>Real Madridi staari Vinicius Juniori suhtes toimepandud rassistliku solvamise eest m\u00e4\u00e4ras UEFA karistuseks 40 000 euro suuruse trahvi. Lisakaristusena kehtestati staadioni osaline sulgemine (see puudutab 500 istekohta sektorites 10-11) \u00fcheks j\u00e4rgmiseks Benfica koduseks eurom\u00e4nguks tingimisi \u00fcheaastase katseajaga.&#13;\n<\/p>\n<p>25 000 eurot kasseeritakse objektide viskamise eest v\u00e4ljakule ning 8000 eurot laserosuti kasutamise eest. Ja Benfica abitreener\u00a0Pedro Ferreira sai ebasportliku k\u00e4itumise eest \u00fchem\u00e4ngulise tehnilises alas viibimise keelu.&#13;\n<\/p>\n<p>Benfica kaotas 1\/16-finaalis kodum\u00e4ngu Real Madridile 0:1 ja hiljem v\u00f5\u00f5rsilm\u00e4ngu 1:2. Avamat\u0161i varjutas ka intsident, milles v\u00e4idetavalt solvas Viniciust rassistlikult ka Benfica \u00e4\u00e4rer\u00fcndaja\u00a0Gianluca Prestianni, kes kattis r\u00e4\u00e4kimise ajaks suu s\u00e4rgiga. Prestianni ise eitas s\u00fc\u00fcdistust, kuid UEFA algatas tema suhtes uurimise ja m\u00e4\u00e4ras talle korduskohtumiseks Madridi vastu ajutise v\u00f5istluskeelu.<\/p>\n","protected":false},"excerpt":{"rendered":"&#13; Lissaboni Benfica f\u00e4nnid t\u00f5id klubile kaela kolm trahvi kogusummas 73 000 eurot, kuna k\u00e4itusid halvasti Meistrite liiga&hellip;\n","protected":false},"author":2,"featured_media":138834,"comment_status":"","ping_status":"","sticky":false,"template":"","format":"standard","meta":{"footnotes":"","_share_on_mastodon":"0"},"categories":[18],"tags":[6429,45446,37,33,35,34,36,20248,6599,1190,3073,609,159,158,1345,6639,15152,15154],"class_list":["post-138833","post","type-post","status-publish","format-standard","has-post-thumbnail","category-sport","tag-benfica","tag-benfica-fannid","tag-ee","tag-eesti","tag-eesti-keel","tag-estonia","tag-estonian","tag-lissaboni-benfica","tag-madrid","tag-meistrite-liiga","tag-real","tag-real-madrid","tag-sport","tag-sports","tag-uefa","tag-uefa-meistrite-liiga","tag-vinicius","tag-vinicius-junior"],"share_on_mastodon":{"url":"https:\/\/pubeurope.com\/@ee\/116296365180920732","error":""},"_links":{"self":[{"href":"https:\/\/www.europesays.com\/ee\/wp-json\/wp\/v2\/posts\/138833","targetHints":{"allow":["GET"]}}],"collection":[{"href":"https:\/\/www.europesays.com\/ee\/wp-json\/wp\/v2\/posts"}],"about":[{"href":"https:\/\/www.europesays.com\/ee\/wp-json\/wp\/v2\/types\/post"}],"author":[{"embeddable":true,"href":"https:\/\/www.europesays.com\/ee\/wp-json\/wp\/v2\/users\/2"}],"replies":[{"embeddable":true,"href":"https:\/\/www.europesays.com\/ee\/wp-json\/wp\/v2\/comments?post=138833"}],"version-history":[{"count":0,"href":"https:\/\/www.europesays.com\/ee\/wp-json\/wp\/v2\/posts\/138833\/revisions"}],"wp:featuredmedia":[{"embeddable":true,"href":"https:\/\/www.europesays.com\/ee\/wp-json\/wp\/v2\/media\/138834"}],"wp:attachment":[{"href":"https:\/\/www.europesays.com\/ee\/wp-json\/wp\/v2\/media?parent=138833"}],"wp:term":[{"taxonomy":"category","embeddable":true,"href":"https:\/\/www.europesays.com\/ee\/wp-json\/wp\/v2\/categories?post=138833"},{"taxonomy":"post_tag","embeddable":true,"href":"https:\/\/www.europesays.com\/ee\/wp-json\/wp\/v2\/tags?post=138833"}],"curies":[{"name":"wp","href":"https:\/\/api.w.org\/{rel}","templated":true}]}}