{"id":138909,"date":"2026-03-26T18:15:17","date_gmt":"2026-03-26T18:15:17","guid":{"rendered":"https:\/\/www.europesays.com\/ee\/138909\/"},"modified":"2026-03-26T18:15:17","modified_gmt":"2026-03-26T18:15:17","slug":"graafik-%e2%9f%a9-kuld-osutus-kriisi-ajal-pigem-kassikullaks","status":"publish","type":"post","link":"https:\/\/www.europesays.com\/ee\/138909\/","title":{"rendered":"GRAAFIK \u27e9 Kuld osutus kriisi ajal pigem kassikullaks"},"content":{"rendered":"<p class=\"MsoNormal\">Ta seostab kullaturu eelmise aasta t\u00f5usutrendi eelk\u00f5ige investorite ja spekulantide ostudega, kes olid varem panustanud hinnalangusele. Kahjumite piiramiseks olid nad n\u00fc\u00fcd sunnitud kulda ostma k\u00f5rgema hinnaga. \u00ab30. jaanuari j\u00e4rsk langus ja hinna liikumine selle j\u00e4rel n\u00e4itasid selgelt, kui suure liialdusega eelnenud hinnat\u00f5us oli,\u00bb m\u00e4rkis Wrzesniok-Ro\u00dfbach.<\/p>\n<p class=\"MsoNormal\">30. jaanuaril kukkus kulla hind rohkem kui k\u00fcmme protsenti.<\/p>\n<p class=\"MsoNormal\">Praegune Iraani r\u00fcnnakutest p\u00f5hjustatud \u00e4rev aeg pole esimene kord, mil kuld on kaitset otsinud investoreid alt vedanud. Nii oli see alanud k\u00fcmnendi alguses toimunud \u00fclikiire inflatsiooni ajal ning isegi aastate 2008\u20132009 finantskriisi ajal, mil maailma finantss\u00fcsteem oli kokkukukkumise \u00e4\u00e4rel.<\/p>\n<p class=\"MsoNormal\">Poliitika- ja majandusajakiri Economist kirjutas m\u00f5ned aastad tagasi, et USA F\u00f6deraalreservi Chicago haru anal\u00fc\u00fctikud uurisid 2021. aastal, millised on peamised tegurid, mis kujundasid kulla hinda alates 1971. aastast ehk ajast, mil Ameerika \u00dchendriigid loobusid kullastandardist, s.t perioodil, mil kulla hinna kujunemine oli vaba.<\/p>\n<p class=\"MsoNormal\">Nad v\u00f5tsid aluseks kolm kategooriat: kuld kui kaitse inflatsiooni vastu, kuld kui kaitse majanduskatastroofide tagaj\u00e4rgede vastu ja kuld kui intressim\u00e4\u00e4rade peegeldus. Uurijad testisid kulla hinna muutusi inflatsiooniootuste suhtes, hinnangute suhtes majanduskasvule ja reaalintresside suhtes, kasutades nii aastaseid, kvartaalseid kui ka p\u00e4evaseid andmeid. Reaalintress on intressim\u00e4\u00e4r, millest on maha arvatud inflatsioon.<\/p>\n<p class=\"MsoNormal\">Uurimist\u00f6\u00f6 tulemused n\u00e4itasid, et k\u00f5ik need tegurid m\u00f5jutasid k\u00fcll mingil m\u00e4\u00e4ral kulla hinda, kuid k\u00f5ige suurem m\u00f5ju oli k\u00f5rgematel reaalintressim\u00e4\u00e4radel. See k\u00f5ik t\u00e4hendab, et kuld v\u00f5ib pakkuda kaitset inflatsiooni vastu, aga inflatsioon ei ole ainus oluline tegur.<\/p>\n","protected":false},"excerpt":{"rendered":"Ta seostab kullaturu eelmise aasta t\u00f5usutrendi eelk\u00f5ige investorite ja spekulantide ostudega, kes olid varem panustanud hinnalangusele. Kahjumite piiramiseks&hellip;\n","protected":false},"author":2,"featured_media":138910,"comment_status":"","ping_status":"","sticky":false,"template":"","format":"standard","meta":{"footnotes":"","_share_on_mastodon":"0"},"categories":[14],"tags":[131,130,63115,37,33,35,34,36,63114,56098,3586,63113,9515,63116],"class_list":["post-138909","post","type-post","status-publish","format-standard","has-post-thumbnail","category-ari","tag-ari","tag-business","tag-dollari-tugevnemine","tag-ee","tag-eesti","tag-eesti-keel","tag-estonia","tag-estonian","tag-inflatsioonikaitse","tag-iraani-soda","tag-kuld","tag-kuld-kui-turvasadam","tag-kulla-hind","tag-reaalintressimaarad"],"share_on_mastodon":{"url":"https:\/\/pubeurope.com\/@ee\/116296844814015441","error":""},"_links":{"self":[{"href":"https:\/\/www.europesays.com\/ee\/wp-json\/wp\/v2\/posts\/138909","targetHints":{"allow":["GET"]}}],"collection":[{"href":"https:\/\/www.europesays.com\/ee\/wp-json\/wp\/v2\/posts"}],"about":[{"href":"https:\/\/www.europesays.com\/ee\/wp-json\/wp\/v2\/types\/post"}],"author":[{"embeddable":true,"href":"https:\/\/www.europesays.com\/ee\/wp-json\/wp\/v2\/users\/2"}],"replies":[{"embeddable":true,"href":"https:\/\/www.europesays.com\/ee\/wp-json\/wp\/v2\/comments?post=138909"}],"version-history":[{"count":0,"href":"https:\/\/www.europesays.com\/ee\/wp-json\/wp\/v2\/posts\/138909\/revisions"}],"wp:featuredmedia":[{"embeddable":true,"href":"https:\/\/www.europesays.com\/ee\/wp-json\/wp\/v2\/media\/138910"}],"wp:attachment":[{"href":"https:\/\/www.europesays.com\/ee\/wp-json\/wp\/v2\/media?parent=138909"}],"wp:term":[{"taxonomy":"category","embeddable":true,"href":"https:\/\/www.europesays.com\/ee\/wp-json\/wp\/v2\/categories?post=138909"},{"taxonomy":"post_tag","embeddable":true,"href":"https:\/\/www.europesays.com\/ee\/wp-json\/wp\/v2\/tags?post=138909"}],"curies":[{"name":"wp","href":"https:\/\/api.w.org\/{rel}","templated":true}]}}