{"id":138924,"date":"2026-03-26T18:47:11","date_gmt":"2026-03-26T18:47:11","guid":{"rendered":"https:\/\/www.europesays.com\/ee\/138924\/"},"modified":"2026-03-26T18:47:11","modified_gmt":"2026-03-26T18:47:11","slug":"sn-rwandas-klubis-positsiooni-vahetanud-kristal-pole-koondises-uhest-kohustusest-ikka-lahti-saanud-soccernet-ee","status":"publish","type":"post","link":"https:\/\/www.europesays.com\/ee\/138924\/","title":{"rendered":"SN Rwandas | Klubis positsiooni vahetanud Kristal pole koondises \u00fchest kohustusest ikka lahti saanud &#8211; Soccernet.ee"},"content":{"rendered":"<p><img decoding=\"async\" src=\"https:\/\/www.europesays.com\/ee\/wp-content\/uploads\/2026\/03\/1774536482.jpeg\" alt=\"Patrik Kristal m\u00e4ngueelsel pressikonverentsil. Foto: Liisi Troska \/ jalgpall.ee\"\/>&#13;\n<\/p>\n<p>Eesti koondise poolkaitsja Patrik Kristal ei ole A-koondise juures enam sugugi roheline, olles meeskonna juures juba kolmandat aastanumbrit, aga lihtsal p\u00f5hjusel ei ole ta siiani pallikottide tassimise kohustusest lahti saanud.<\/p>\n<p>Rwandasse s\u00f5itnud 23-liikmelises koosseisus on Kristal oma k\u00fcmne koondisem\u00e4nguga juba v\u00f5rdlemisi kogenud tegija &#8211; Joseph Salistega jagab ta selles arvestuses 10.-11. kohta. Ehk lihtsalt \u00f6eldes: meeskonnas on rohkem m\u00e4ngijaid, kel on Kristalist v\u00e4hem koondisekogemust kui neid, kel on seda Kristalist rohkem.&#13;\n<\/p>\n<p>Kas 18-aastasel mehel on seet\u00f5ttu juba seltskonnas kogenud mehe tunne? &#8220;Natuke ikka! Pallikotti pean aga ikka tassima, sest endiselt olen mina k\u00f5ige noorem. Selles osas midagi muutunud pole!&#8221; naeris Kristal m\u00e4ngueelsel pressikonverentsil.&#13;\n<\/p>\n<p>Tuline \u00f5igus &#8211; kuna Marten-Chris Paalberg on vigastatud, on 2007. aasta l\u00f5pus s\u00fcndinud Kristal \u00fcsna selgelt koondise pesamuna. Nooruselt j\u00e4rgmised on suvel 20-aastaseks saav Rommi Siht ja just t\u00e4na (neljap\u00e4eval) 20. s\u00fcnnip\u00e4eva t\u00e4histav Sander Tovstik.<\/p>\n<p>Kuigi verevahetus on mitmetel p\u00f5hjustel tavap\u00e4rasest suurem ja seltskonnas palju uusi n\u00e4gusid, ei ole Kristali s\u00f5nul m\u00f5nes m\u00f5ttes palju muutunud. &#8220;Meil on k\u00f5ik head poisid koos, punt on hea ja selles m\u00f5ttes midagi teistmoodi ei ole. Osad suured nimed on puudu, aga usun, et saame hakkama. Pundivaim on ikka sama hea!&#8221;&#13;\n<\/p>\n<p>Endiseks ei ole j\u00e4\u00e4nud aga Kristali roll koduklubis. Saksamaa tugevuselt neljandas liigas m\u00e4ngiva FC K\u00f6lni duubeltiimi eest on eestlane viimasel ajal m\u00e4nginud hoopis kaitseliini ees patrulliva number kuuena.&#13;\n<\/p>\n<p>&#8220;V\u00e4ike vahetus on t\u00f5esti tulnud. Treenerid leiavad, et see on minu jaoks k\u00f5ige parem positsioon. Ma ise olen alati \u00f6elnud, et keskv\u00e4ljal on minu jaoks k\u00f5ik positsioonid \u00fcsna samad, lihtsalt m\u00f5ned detailid on natuke erinevad,&#8221; ei tee Kristal ise sellest suurt numbrit.\u00a0&#13;\n<\/p>\n<p>Sama kehtib ka koondise juures. &#8220;Kui J\u00fcrgen paneb mind v\u00e4ravasse, siis v\u00f5in v\u00e4ravas ka m\u00e4ngida &#8211; minul vahet pole!&#8221; l\u00f5\u00f5pis Kristal.<\/p>\n<p>Eesti ja Keenia kohtumine Rwanda pealinnas Kigalis Amahoro staadionil algab reedel kell 18.00. Soccernet.ee vahendab s\u00fcndmusi kohapealt.                         <\/p>\n","protected":false},"excerpt":{"rendered":"&#13; Eesti koondise poolkaitsja Patrik Kristal ei ole A-koondise juures enam sugugi roheline, olles meeskonna juures juba kolmandat&hellip;\n","protected":false},"author":2,"featured_media":138925,"comment_status":"","ping_status":"","sticky":false,"template":"","format":"standard","meta":{"footnotes":"","_share_on_mastodon":"0"},"categories":[18],"tags":[37,33,35,5289,34,36,1158,5027,1159,7231,921,1713,159,158],"class_list":["post-138924","post","type-post","status-publish","format-standard","has-post-thumbnail","category-sport","tag-ee","tag-eesti","tag-eesti-keel","tag-eesti-koondis","tag-estonia","tag-estonian","tag-fc-koln","tag-keenia","tag-koln","tag-kristal","tag-patrik-kristal","tag-rwanda","tag-sport","tag-sports"],"share_on_mastodon":{"url":"https:\/\/pubeurope.com\/@ee\/116296970561415069","error":""},"_links":{"self":[{"href":"https:\/\/www.europesays.com\/ee\/wp-json\/wp\/v2\/posts\/138924","targetHints":{"allow":["GET"]}}],"collection":[{"href":"https:\/\/www.europesays.com\/ee\/wp-json\/wp\/v2\/posts"}],"about":[{"href":"https:\/\/www.europesays.com\/ee\/wp-json\/wp\/v2\/types\/post"}],"author":[{"embeddable":true,"href":"https:\/\/www.europesays.com\/ee\/wp-json\/wp\/v2\/users\/2"}],"replies":[{"embeddable":true,"href":"https:\/\/www.europesays.com\/ee\/wp-json\/wp\/v2\/comments?post=138924"}],"version-history":[{"count":0,"href":"https:\/\/www.europesays.com\/ee\/wp-json\/wp\/v2\/posts\/138924\/revisions"}],"wp:featuredmedia":[{"embeddable":true,"href":"https:\/\/www.europesays.com\/ee\/wp-json\/wp\/v2\/media\/138925"}],"wp:attachment":[{"href":"https:\/\/www.europesays.com\/ee\/wp-json\/wp\/v2\/media?parent=138924"}],"wp:term":[{"taxonomy":"category","embeddable":true,"href":"https:\/\/www.europesays.com\/ee\/wp-json\/wp\/v2\/categories?post=138924"},{"taxonomy":"post_tag","embeddable":true,"href":"https:\/\/www.europesays.com\/ee\/wp-json\/wp\/v2\/tags?post=138924"}],"curies":[{"name":"wp","href":"https:\/\/api.w.org\/{rel}","templated":true}]}}