{"id":138958,"date":"2026-03-26T19:57:12","date_gmt":"2026-03-26T19:57:12","guid":{"rendered":"https:\/\/www.europesays.com\/ee\/138958\/"},"modified":"2026-03-26T19:57:12","modified_gmt":"2026-03-26T19:57:12","slug":"tartu-poistekoor-palvis-slovakkias-kulddiplomi-ja-eripreemia","status":"publish","type":"post","link":"https:\/\/www.europesays.com\/ee\/138958\/","title":{"rendered":"Tartu poistekoor p\u00e4lvis Slovakkias kulddiplomi ja eripreemia"},"content":{"rendered":"<p>Bratislava Music Agency korraldatud konkursil oli osalejaid T\u0161ehhist, Slovakkiast, Saksamaalt, Ungarist ja Eestist. Kolmeliikmeline \u017e\u00fcrii Slovakkiast ja Poolast andis Tartust p\u00e4rit koorile kulddiplomi ja eripreemia, mis sisaldab kutset rahvusvahelisele koorikonkursile Barcelonasse 2027. aastal. See t\u00e4hendab, et koor saab end konkursile kirja panna registreerimistasuta.<\/p>\n","protected":false},"excerpt":{"rendered":"Bratislava Music Agency korraldatud konkursil oli osalejaid T\u0161ehhist, Slovakkiast, Saksamaalt, Ungarist ja Eestist. Kolmeliikmeline \u017e\u00fcrii Slovakkiast ja Poolast&hellip;\n","protected":false},"author":2,"featured_media":138959,"comment_status":"","ping_status":"","sticky":false,"template":"","format":"standard","meta":{"footnotes":"","_share_on_mastodon":"0"},"categories":[5],"tags":[1349,63148,63151,26,27,63155,37,33,35,63152,63160,63147,34,36,31,32,21,22866,63157,63154,63156,63146,28,29,19,63158,63150,63159,25,63149,63153,51,1350,1599,63145,23,24,116,22,118,20,30],"class_list":["post-138958","post","type-post","status-publish","format-standard","has-post-thumbnail","category-uldised-uudised","tag-bratislava","tag-bratislava-kevadfestival","tag-bratislava-music-agency","tag-breaking-news","tag-breakingnews","tag-dirigent-annelii-traks","tag-ee","tag-eesti","tag-eesti-keel","tag-eesti-koorikultuur","tag-eesti-koorimuusika","tag-eripreemia","tag-estonia","tag-estonian","tag-featured-news","tag-featurednews","tag-headlines","tag-karlova-kool","tag-kontsertmeister-merike-muttik","tag-koorikonkursi-kutse","tag-koormeister-sten-zaitsev","tag-kulddiplom","tag-latest-news","tag-latestnews","tag-news","tag-noortekoor","tag-orkestrite-ja-kooride-konkurss","tag-poistekoor","tag-populaarseimad-lood","tag-rahvusvaheline-koorikonkurss","tag-rahvusvaheline-koorikonkurss-barcelonas-2027","tag-saksamaa","tag-slovakkia","tag-tartu-linnavalitsus","tag-tartu-poistekoor","tag-top-stories","tag-topstories","tag-tsehhi","tag-uldised-uudised","tag-ungari","tag-uudised","tag-viimased-uudised"],"share_on_mastodon":{"url":"","error":"Validation failed: Text character limit of 500 exceeded"},"_links":{"self":[{"href":"https:\/\/www.europesays.com\/ee\/wp-json\/wp\/v2\/posts\/138958","targetHints":{"allow":["GET"]}}],"collection":[{"href":"https:\/\/www.europesays.com\/ee\/wp-json\/wp\/v2\/posts"}],"about":[{"href":"https:\/\/www.europesays.com\/ee\/wp-json\/wp\/v2\/types\/post"}],"author":[{"embeddable":true,"href":"https:\/\/www.europesays.com\/ee\/wp-json\/wp\/v2\/users\/2"}],"replies":[{"embeddable":true,"href":"https:\/\/www.europesays.com\/ee\/wp-json\/wp\/v2\/comments?post=138958"}],"version-history":[{"count":0,"href":"https:\/\/www.europesays.com\/ee\/wp-json\/wp\/v2\/posts\/138958\/revisions"}],"wp:featuredmedia":[{"embeddable":true,"href":"https:\/\/www.europesays.com\/ee\/wp-json\/wp\/v2\/media\/138959"}],"wp:attachment":[{"href":"https:\/\/www.europesays.com\/ee\/wp-json\/wp\/v2\/media?parent=138958"}],"wp:term":[{"taxonomy":"category","embeddable":true,"href":"https:\/\/www.europesays.com\/ee\/wp-json\/wp\/v2\/categories?post=138958"},{"taxonomy":"post_tag","embeddable":true,"href":"https:\/\/www.europesays.com\/ee\/wp-json\/wp\/v2\/tags?post=138958"}],"curies":[{"name":"wp","href":"https:\/\/api.w.org\/{rel}","templated":true}]}}