{"id":139323,"date":"2026-03-27T09:09:08","date_gmt":"2026-03-27T09:09:08","guid":{"rendered":"https:\/\/www.europesays.com\/ee\/139323\/"},"modified":"2026-03-27T09:09:08","modified_gmt":"2026-03-27T09:09:08","slug":"eesti-inimesed-reisisid-mullu-varasemast-vahem-majandus","status":"publish","type":"post","link":"https:\/\/www.europesays.com\/ee\/139323\/","title":{"rendered":"Eesti inimesed reisisid mullu varasemast v\u00e4hem | Majandus"},"content":{"rendered":"<p>Statistikaameti andmetel tegid Eesti elanikud 2025. aastal 1,5 miljonit \u00f6\u00f6bimisega v\u00e4lisreisi, mida on kolm protsenti v\u00e4hem kui 2024. aastal. \u00d6\u00f6bimisega reise Eestis kogunes ligi 3,1 miljonit ehk 12 protsenti v\u00e4hem kui aasta varem.<\/p>\n<p>Statistikaameti juhtivanal\u00fc\u00fctik Piret Pukk \u00fctles, et kuigi Eesti elanike reisimine pandeemiaj\u00e4rgsetel aastatel elavnes, oli see 2025. aastal taas tagasihoidlikum.<\/p>\n<p>Pukk t\u00f5des, et mullu tehti \u00f6\u00f6bimisega sisereise endiselt \u00fcle kahe korra rohkem kui v\u00e4lisreise. &#8220;V\u00f5rreldes 2024. aastaga v\u00e4henes sisereiside arv k\u00f5igis kvartalites. V\u00e4lisreiside arv kahanes esimesed kolm kvartalit, kuid hakkas neljandas kvartalis taas kasvama,&#8221; nentis Pukk ja lisas, et Tallinna lennujaama andmetele tuginedes v\u00f5ib eeldada, et p\u00f5hjuseks on m\u00e4rgatav t\u0161arterreiside kasv.<\/p>\n<p>Enam kui pooled olid puhkusereisid<\/p>\n<p>Peamiste sihtkohtadena k\u00fclastasid Eesti inimesed m\u00f6\u00f6dunud aastal Euroopa Liidu (EL-i) riike, kuhu reisiti aasta jooksul 1,1 miljonil korral (72 protsenti \u00f6\u00f6bimisega v\u00e4lisreisidest). Populaarseimad v\u00e4lisreiside reisisihtkohad olid j\u00e4tkuvalt Soome, L\u00e4ti ja Hispaania. EL-i v\u00e4listest riikidest reisiti enim T\u00fcrki, r\u00e4\u00e4kis juhtivanal\u00fc\u00fctik. V\u00e4hem reisiti m\u00f6\u00f6dunud aastal n\u00e4iteks Itaaliasse, Rootsi ja Leetu.<\/p>\n<p>Eesti sihtkohtadena eelistati Harju (sh Tallinn), Tartu ja P\u00e4rnu maakonda. Neile j\u00e4rgnesid populaarsuselt Ida-Viru ja Saare maakond ning L\u00e4\u00e4ne, L\u00e4\u00e4ne-Viru ja Viljandi maakond, lausus Pukk.<\/p>\n<p><img decoding=\"async\" data-photo-id=\"3278454\" src=\"https:\/\/www.europesays.com\/ee\/wp-content\/uploads\/2026\/03\/3278454h3799t24.jpg\"\/>Eesti elanike reisid 2019-2025 Autor\/allikas: Statistikaamet<\/p>\n<p>Eelmisel aastal moodustasid rohkem kui poole k\u00f5ikidest reisidest puhkusereisid. T\u00f6\u00f6reisid moodustasid sisereisidest 13 ja v\u00e4lisreisidest 19 protsenti. \u00dclej\u00e4\u00e4nud reisid tehti m\u00f5nel isiklikul p\u00f5hjusel, n\u00e4iteks sooviga k\u00fclastada tuttavaid v\u00f5i sugulasi.<\/p>\n<p>V\u00e4lisreisidele kulutati varasemast enam<\/p>\n<p>Mullu peatuti v\u00e4lisreisidel peamiselt tasulistes majutuskohtades (79 protsenti ehk 7,5 miljonit \u00f6\u00f6bimist), millest omakorda hotellides v\u00f5i hotellilaadsetes majutuskohtades peatuti 4,9 miljonit \u00f6\u00f6d ja muudes tasulistes majutuskohtades ligi 2,5 miljonit \u00f6\u00f6d. Tasuta \u00f6\u00f6bimisi oli v\u00e4lisreisidel ligi 2 miljonit ja sel juhul peatuti peamiselt tuttavate v\u00f5i sugulaste juures.<\/p>\n<p>Pukk selgitas, et Eesti-sisestel reisidel kasutavad inimesed rohkem tasuta majutuse v\u00f5imalusi, \u00f6\u00f6bides tuttavate v\u00f5i sugulaste juures, aga ka endale kuuluvates puhkekohtades.<\/p>\n<p>\u00d6\u00f6bimisega v\u00e4lisreisi keskmine kulu on viimastel aastatel olnud \u00fcle 1000 euro. \u00dchele \u00f6\u00f6bimisega v\u00e4lisreisile kulutati 2025. aastal keskmiselt 1118 eurot, mida on aasta varasemast \u00fcks protsenti rohkem. Sisereisile kulutati m\u00f6\u00f6dunud aastal 163 eurot, mida on aasta varasemast 12 protsenti v\u00e4hem.<\/p>\n<p>&#8220;Sisereiside kulutused on v\u00e4henenud ilmselt seet\u00f5ttu, et hoitakse rohkem kokku ja otsitakse reisimiseks soodsamaid v\u00f5imalusi,&#8221; t\u00f5des Pukk.<\/p>\n<p>Bigbanki pea\u00f6konomist Raul Eamets \u00fctles statistika kommentaariks, et tulevikku vaadates v\u00f5ib ennustada, et turismisektorit, eriti v\u00e4lisreiside osas, v\u00f5ivad tabada sellel aastal tagasil\u00f6\u00f6gid, sest lendamine arvatavasti kallineb oluliselt naftakriisi t\u00f5ttu.<\/p>\n<p><img decoding=\"async\" data-photo-id=\"3278457\" src=\"https:\/\/www.europesays.com\/ee\/wp-content\/uploads\/2026\/03\/3278457h1839t24.jpg\"\/>\u00d6\u00f6bimisega v\u00e4lisreisi kulutused Autor\/allikas: Statistikaamet<\/p>\n","protected":false},"excerpt":{"rendered":"Statistikaameti andmetel tegid Eesti elanikud 2025. aastal 1,5 miljonit \u00f6\u00f6bimisega v\u00e4lisreisi, mida on kolm protsenti v\u00e4hem kui 2024.&hellip;\n","protected":false},"author":2,"featured_media":139324,"comment_status":"","ping_status":"","sticky":false,"template":"","format":"standard","meta":{"footnotes":"","_share_on_mastodon":"0"},"categories":[12],"tags":[26,27,37,33,35,34,36,31,32,21,28,29,19,25,14036,2559,23,24,3436,22,20,30],"class_list":["post-139323","post","type-post","status-publish","format-standard","has-post-thumbnail","category-eesti","tag-breaking-news","tag-breakingnews","tag-ee","tag-eesti","tag-eesti-keel","tag-estonia","tag-estonian","tag-featured-news","tag-featurednews","tag-headlines","tag-latest-news","tag-latestnews","tag-news","tag-populaarseimad-lood","tag-puhkusereis","tag-statistikaamet","tag-top-stories","tag-topstories","tag-turism","tag-uldised-uudised","tag-uudised","tag-viimased-uudised"],"share_on_mastodon":{"url":"https:\/\/pubeurope.com\/@ee\/116300360247512539","error":""},"_links":{"self":[{"href":"https:\/\/www.europesays.com\/ee\/wp-json\/wp\/v2\/posts\/139323","targetHints":{"allow":["GET"]}}],"collection":[{"href":"https:\/\/www.europesays.com\/ee\/wp-json\/wp\/v2\/posts"}],"about":[{"href":"https:\/\/www.europesays.com\/ee\/wp-json\/wp\/v2\/types\/post"}],"author":[{"embeddable":true,"href":"https:\/\/www.europesays.com\/ee\/wp-json\/wp\/v2\/users\/2"}],"replies":[{"embeddable":true,"href":"https:\/\/www.europesays.com\/ee\/wp-json\/wp\/v2\/comments?post=139323"}],"version-history":[{"count":0,"href":"https:\/\/www.europesays.com\/ee\/wp-json\/wp\/v2\/posts\/139323\/revisions"}],"wp:featuredmedia":[{"embeddable":true,"href":"https:\/\/www.europesays.com\/ee\/wp-json\/wp\/v2\/media\/139324"}],"wp:attachment":[{"href":"https:\/\/www.europesays.com\/ee\/wp-json\/wp\/v2\/media?parent=139323"}],"wp:term":[{"taxonomy":"category","embeddable":true,"href":"https:\/\/www.europesays.com\/ee\/wp-json\/wp\/v2\/categories?post=139323"},{"taxonomy":"post_tag","embeddable":true,"href":"https:\/\/www.europesays.com\/ee\/wp-json\/wp\/v2\/tags?post=139323"}],"curies":[{"name":"wp","href":"https:\/\/api.w.org\/{rel}","templated":true}]}}