{"id":139357,"date":"2026-03-27T10:03:07","date_gmt":"2026-03-27T10:03:07","guid":{"rendered":"https:\/\/www.europesays.com\/ee\/139357\/"},"modified":"2026-03-27T10:03:07","modified_gmt":"2026-03-27T10:03:07","slug":"rootsis-kahtlustatakse-15-aastast-tudrukut-kahes-palgamorvas","status":"publish","type":"post","link":"https:\/\/www.europesays.com\/ee\/139357\/","title":{"rendered":"Rootsis kahtlustatakse 15-aastast t\u00fcdrukut kahes palgam\u00f5rvas"},"content":{"rendered":"<p>Rootsi politsei kahtlustab 15-aastast t\u00fcdrukut kahes m\u00f5rvas, mis pandi toime kahe p\u00e4eva jooksul eri linnades ligi 600 kilomeetri kaugusel teineteisest.<\/p>\n<p>T\u00fcdrukut kahtlustatakse 17-aastase poisi tulistamises esmasp\u00e4eval Stockholmi l\u00e4hedal V\u00e5rbys ning 15-aastase poisi tapmises kolmap\u00e4eval Malm\u00f6s. M\u00f5lemad r\u00fcnnakud j\u00e4id valvekaameratele, vahendab Helsingin Sanomat.<\/p>\n","protected":false},"excerpt":{"rendered":"Rootsi politsei kahtlustab 15-aastast t\u00fcdrukut kahes m\u00f5rvas, mis pandi toime kahe p\u00e4eva jooksul eri linnades ligi 600 kilomeetri&hellip;\n","protected":false},"author":2,"featured_media":139358,"comment_status":"","ping_status":"","sticky":false,"template":"","format":"standard","meta":{"footnotes":"","_share_on_mastodon":"0"},"categories":[80],"tags":[26,27,37,33,35,34,36,31,32,21,28,29,95,19,25,56939,7210,23,29574,24,22,20,30,92,93,94],"class_list":["post-139357","post","type-post","status-publish","format-standard","has-post-thumbnail","category-maailm","tag-breaking-news","tag-breakingnews","tag-ee","tag-eesti","tag-eesti-keel","tag-estonia","tag-estonian","tag-featured-news","tag-featurednews","tag-headlines","tag-latest-news","tag-latestnews","tag-maailm","tag-news","tag-populaarseimad-lood","tag-rootsi-politsei","tag-stockholm","tag-top-stories","tag-topeltmorv","tag-topstories","tag-uldised-uudised","tag-uudised","tag-viimased-uudised","tag-world","tag-world-news","tag-worldnews"],"share_on_mastodon":{"url":"https:\/\/pubeurope.com\/@ee\/116300572470146221","error":""},"_links":{"self":[{"href":"https:\/\/www.europesays.com\/ee\/wp-json\/wp\/v2\/posts\/139357","targetHints":{"allow":["GET"]}}],"collection":[{"href":"https:\/\/www.europesays.com\/ee\/wp-json\/wp\/v2\/posts"}],"about":[{"href":"https:\/\/www.europesays.com\/ee\/wp-json\/wp\/v2\/types\/post"}],"author":[{"embeddable":true,"href":"https:\/\/www.europesays.com\/ee\/wp-json\/wp\/v2\/users\/2"}],"replies":[{"embeddable":true,"href":"https:\/\/www.europesays.com\/ee\/wp-json\/wp\/v2\/comments?post=139357"}],"version-history":[{"count":0,"href":"https:\/\/www.europesays.com\/ee\/wp-json\/wp\/v2\/posts\/139357\/revisions"}],"wp:featuredmedia":[{"embeddable":true,"href":"https:\/\/www.europesays.com\/ee\/wp-json\/wp\/v2\/media\/139358"}],"wp:attachment":[{"href":"https:\/\/www.europesays.com\/ee\/wp-json\/wp\/v2\/media?parent=139357"}],"wp:term":[{"taxonomy":"category","embeddable":true,"href":"https:\/\/www.europesays.com\/ee\/wp-json\/wp\/v2\/categories?post=139357"},{"taxonomy":"post_tag","embeddable":true,"href":"https:\/\/www.europesays.com\/ee\/wp-json\/wp\/v2\/tags?post=139357"}],"curies":[{"name":"wp","href":"https:\/\/api.w.org\/{rel}","templated":true}]}}