{"id":139397,"date":"2026-03-27T11:00:06","date_gmt":"2026-03-27T11:00:06","guid":{"rendered":"https:\/\/www.europesays.com\/ee\/139397\/"},"modified":"2026-03-27T11:00:06","modified_gmt":"2026-03-27T11:00:06","slug":"ukraina-solmis-kaitsekoostooleppe-saudi-araabiaga-valismaa","status":"publish","type":"post","link":"https:\/\/www.europesays.com\/ee\/139397\/","title":{"rendered":"Ukraina s\u00f5lmis kaitsekoost\u00f6\u00f6leppe Saudi Araabiaga | V\u00e4lismaa"},"content":{"rendered":"<p>Ukraina ja Saudi Araabia s\u00f5lmisid president Volod\u00f5m\u00f5r Zelenski visiidi ajal kaitsekoost\u00f6\u00f6lepingu. P\u00e4rsia lahe riigid loodavad, et Ukraina aitab neil t\u00f5rjuda Iraani droonir\u00fcnnakuid.<\/p>\n<p>Leping paneb aluse tulevastele lepingutele, tehnoloogilisele koost\u00f6\u00f6le ja investeeringutele.\u00a0<\/p>\n<p>&#8220;Oleme valmis jagama oma teadmisi ja s\u00fcsteeme Saudi Araabiaga ning tegema koost\u00f6\u00f6d elude kaitsmise tugevdamiseks. N\u00fc\u00fcd, viiendal aastal, seisavad ukrainlased vastu sama t\u00fc\u00fcpi terrorir\u00fcnnakutele, ballistilistele rakettidele ja droonidele, mida Iraani re\u017eiim praegu L\u00e4his-Idas ja P\u00e4rsia lahe piirkonnas l\u00e4bi viib,&#8221; t\u00f5des Zelenski.\u00a0<\/p>\n<p>&#8220;Saudi Araabial on ka v\u00f5imekusi, mis pakuvad Ukrainale huvi, see koost\u00f6\u00f6 v\u00f5ib olla vastastikku kasulik,&#8221; lisas Zelenski.\u00a0<\/p>\n","protected":false},"excerpt":{"rendered":"Ukraina ja Saudi Araabia s\u00f5lmisid president Volod\u00f5m\u00f5r Zelenski visiidi ajal kaitsekoost\u00f6\u00f6lepingu. P\u00e4rsia lahe riigid loodavad, et Ukraina aitab&hellip;\n","protected":false},"author":2,"featured_media":139398,"comment_status":"","ping_status":"","sticky":false,"template":"","format":"standard","meta":{"footnotes":"","_share_on_mastodon":"0"},"categories":[80],"tags":[26,27,1274,37,33,35,34,36,31,32,21,4376,28,29,95,19,25,7549,1228,23,24,262,22,20,30,92,93,94],"class_list":["post-139397","post","type-post","status-publish","format-standard","has-post-thumbnail","category-maailm","tag-breaking-news","tag-breakingnews","tag-droonid","tag-ee","tag-eesti","tag-eesti-keel","tag-estonia","tag-estonian","tag-featured-news","tag-featurednews","tag-headlines","tag-lahis-ida","tag-latest-news","tag-latestnews","tag-maailm","tag-news","tag-populaarseimad-lood","tag-raketid","tag-saudi-araabia","tag-top-stories","tag-topstories","tag-ukraina","tag-uldised-uudised","tag-uudised","tag-viimased-uudised","tag-world","tag-world-news","tag-worldnews"],"share_on_mastodon":{"url":"https:\/\/pubeurope.com\/@ee\/116300796645209425","error":""},"_links":{"self":[{"href":"https:\/\/www.europesays.com\/ee\/wp-json\/wp\/v2\/posts\/139397","targetHints":{"allow":["GET"]}}],"collection":[{"href":"https:\/\/www.europesays.com\/ee\/wp-json\/wp\/v2\/posts"}],"about":[{"href":"https:\/\/www.europesays.com\/ee\/wp-json\/wp\/v2\/types\/post"}],"author":[{"embeddable":true,"href":"https:\/\/www.europesays.com\/ee\/wp-json\/wp\/v2\/users\/2"}],"replies":[{"embeddable":true,"href":"https:\/\/www.europesays.com\/ee\/wp-json\/wp\/v2\/comments?post=139397"}],"version-history":[{"count":0,"href":"https:\/\/www.europesays.com\/ee\/wp-json\/wp\/v2\/posts\/139397\/revisions"}],"wp:featuredmedia":[{"embeddable":true,"href":"https:\/\/www.europesays.com\/ee\/wp-json\/wp\/v2\/media\/139398"}],"wp:attachment":[{"href":"https:\/\/www.europesays.com\/ee\/wp-json\/wp\/v2\/media?parent=139397"}],"wp:term":[{"taxonomy":"category","embeddable":true,"href":"https:\/\/www.europesays.com\/ee\/wp-json\/wp\/v2\/categories?post=139397"},{"taxonomy":"post_tag","embeddable":true,"href":"https:\/\/www.europesays.com\/ee\/wp-json\/wp\/v2\/tags?post=139397"}],"curies":[{"name":"wp","href":"https:\/\/api.w.org\/{rel}","templated":true}]}}