{"id":139411,"date":"2026-03-27T11:20:12","date_gmt":"2026-03-27T11:20:12","guid":{"rendered":"https:\/\/www.europesays.com\/ee\/139411\/"},"modified":"2026-03-27T11:20:12","modified_gmt":"2026-03-27T11:20:12","slug":"sibyl-vane-avaldas-albumi-vortex-muusika","status":"publish","type":"post","link":"https:\/\/www.europesays.com\/ee\/139411\/","title":{"rendered":"Sibyl Vane avaldas albumi &#8220;Vortex&#8221; | Muusika"},"content":{"rendered":"<p>Eesti alternatiivroki ansambel Sibyl Vane avaldas 27. m\u00e4rtsil oma neljanda albumi &#8220;Vortex&#8221;.<\/p>\n<p>&#8220;Vortex&#8221; on b\u00e4ndi loominguliste vedurite, Helena Randlahe ja Heiko Leesmendi s\u00f5nul ennek\u00f5ike loominguline dialoog, mitte kompromiss. Just see omavaheline dialoog on kujundanud albumi helilise ja sisulise selgroo.<\/p>\n<p>&#8220;Selle albumi \u00fcks keskne m\u00f5te on kindlasti see, et ma ei peida end enam. &#8220;Vortex&#8221; lubas mul r\u00e4\u00e4kida asjadest, mida varem v\u00f5ib-olla ei julgenud ega ka soovinud,&#8221; \u00fctleb Sibyl Vane\u00b4i laulev kitarrist ja kaasautor Helena Randlaht.<\/p>\n<p>B\u00e4ndi s\u00f5nul l\u00e4htub uus album ideest, et t\u00e4nap\u00e4eva maailm on t\u00e4is n\u00e4htamatuid endasse neelavaid keeriseid \u2013 veebikeskkondi, suhteid ja hirme, mis t\u00f5mbavad endasse ja ei lase edasi liikuda. Nad lisasid, et sageli on taoliseks vorteksiks agressiivsed arutelud, mis justkui ei l\u00f5pe ega vii kunagi osalisi edasi ning album ongi sellest, kuidas sellistesse keeristesse mitte kinni j\u00e4\u00e4da, vaid neist l\u00e4bi minna v\u00f5i neid v\u00e4ltida.<\/p>\n<p>&#8220;Meie jaoks ei ole see lihtsalt lugude kogum. See on olnud pikk ja p\u00f5hjalik protsess, kus paljud emotsioonid on leidnud endale muusikalise vormi. Meie tandem toimib nii, et emb-kumb meist toob algseks impulsiks saava algmaterjali, mille peale hakkame \u00fchiselt looma tervikut. Helena on alati loonud s\u00f5nad ja vokaalipartiid. Aja jooksul on kujunenud minu rolliks nende ideede ja \u00fchiste t\u00e4ienduste tervikuks muutmine, aga samas ka see, kuidas me oma kunstilisi otsuseid teeme v\u00f5i b\u00e4ndina edasi liigume,&#8221; selgitas b\u00e4ndi bassist ja m\u00e4ned\u017eer Heiko Leesment.<\/p>\n<p>Sibyl Vane lisas, et salvestusprotsessile l\u00e4heneti tavalisele vastupidiselt. &#8220;Me ei ehitanud lugusid enam valmis instrumentaalsele vundamendile, nagu rokkmuusikas kombeks on, vaid peamiseks fookuses oligi Helena h\u00e4\u00e4l, selle n\u00fcansid ja emotsionaalne kandvus.&#8221;<\/p>\n<p>&#8220;Vortex&#8221; on salvestatud aastatel 2024\u20132025 erinevates paikades \u00fcle Eesti. Albumi helire\u017eiss\u00f6\u00f6riks oli Siim M\u00e4esalu ning albumi mastering valmis Soomes Henkka Niemist\u00f6 k\u00e4e all. Albumi vokaalipartiide arran\u017eeeringu eest vastutas laulja Haldi V\u00e4lim\u00e4e, kelle juhtimisel ka vokaalipartiide salvestamine ja miksimine k\u00e4is.<\/p>\n<p>Kitarre saadavad uuel albumil ka s\u00fcntesaatorid ja elektroonika, mille loomisesse panustasid Mattias Tirmaste ja Tarvi Kull.<\/p>\n<p>Albumit esitletakse koos L\u00e4ti ansambliga Purple Negative Tallinnas, Tartus, P\u00e4rnus ja Riias.<\/p>\n","protected":false},"excerpt":{"rendered":"Eesti alternatiivroki ansambel Sibyl Vane avaldas 27. m\u00e4rtsil oma neljanda albumi &#8220;Vortex&#8221;. &#8220;Vortex&#8221; on b\u00e4ndi loominguliste vedurite, Helena&hellip;\n","protected":false},"author":2,"featured_media":139412,"comment_status":"","ping_status":"","sticky":false,"template":"","format":"standard","meta":{"footnotes":"","_share_on_mastodon":"0"},"categories":[16],"tags":[37,33,35,173,34,36,27622,63393,140,6275,25776],"class_list":["post-139411","post","type-post","status-publish","format-standard","has-post-thumbnail","category-meelelahutus","tag-ee","tag-eesti","tag-eesti-keel","tag-entertainment","tag-estonia","tag-estonian","tag-heiko-leesment","tag-helena-randleht","tag-meelelahutus","tag-sibyl-vane","tag-vortex"],"share_on_mastodon":{"url":"https:\/\/pubeurope.com\/@ee\/116300875298880878","error":""},"_links":{"self":[{"href":"https:\/\/www.europesays.com\/ee\/wp-json\/wp\/v2\/posts\/139411","targetHints":{"allow":["GET"]}}],"collection":[{"href":"https:\/\/www.europesays.com\/ee\/wp-json\/wp\/v2\/posts"}],"about":[{"href":"https:\/\/www.europesays.com\/ee\/wp-json\/wp\/v2\/types\/post"}],"author":[{"embeddable":true,"href":"https:\/\/www.europesays.com\/ee\/wp-json\/wp\/v2\/users\/2"}],"replies":[{"embeddable":true,"href":"https:\/\/www.europesays.com\/ee\/wp-json\/wp\/v2\/comments?post=139411"}],"version-history":[{"count":0,"href":"https:\/\/www.europesays.com\/ee\/wp-json\/wp\/v2\/posts\/139411\/revisions"}],"wp:featuredmedia":[{"embeddable":true,"href":"https:\/\/www.europesays.com\/ee\/wp-json\/wp\/v2\/media\/139412"}],"wp:attachment":[{"href":"https:\/\/www.europesays.com\/ee\/wp-json\/wp\/v2\/media?parent=139411"}],"wp:term":[{"taxonomy":"category","embeddable":true,"href":"https:\/\/www.europesays.com\/ee\/wp-json\/wp\/v2\/categories?post=139411"},{"taxonomy":"post_tag","embeddable":true,"href":"https:\/\/www.europesays.com\/ee\/wp-json\/wp\/v2\/tags?post=139411"}],"curies":[{"name":"wp","href":"https:\/\/api.w.org\/{rel}","templated":true}]}}