{"id":139419,"date":"2026-03-27T11:31:06","date_gmt":"2026-03-27T11:31:06","guid":{"rendered":"https:\/\/www.europesays.com\/ee\/139419\/"},"modified":"2026-03-27T11:31:06","modified_gmt":"2026-03-27T11:31:06","slug":"theatrumis-esietenduv-koguperekomoodia-kusib-kas-dialoog-on-veel-voimalik-teater","status":"publish","type":"post","link":"https:\/\/www.europesays.com\/ee\/139419\/","title":{"rendered":"Theatrumis esietenduv koguperekom\u00f6\u00f6dia k\u00fcsib, kas dialoog on veel v\u00f5imalik | Teater"},"content":{"rendered":"<p>28. m\u00e4rtsil esietendub Theatrumis Andri Luubi koguperekom\u00f6\u00f6dia &#8220;Driftijad&#8221;.<\/p>\n<p>Andri Luubi uuslavastus &#8220;Driftijad&#8221; on lugu rumalusest ja eesm\u00e4rgip\u00e4ratust elust ning katsetest luua dialoogi olukorras, kus nii peres kui \u00fchiskonnas on arusaamad triivima l\u00e4inud. &#8220;Driftijad&#8221; k\u00fcsib, kas ja millistes oludes on dialoog \u00fcldse enam v\u00f5imalik.<\/p>\n<p>Autori ja lavastaja Andri Luubi s\u00f5nul on t\u00e4nap\u00e4eval raske leida \u00fchist keelt ja luua dialoogi.<\/p>\n<p>&#8220;Korruseid, kus elatakse, on palju ning on segane, kuidas vastaspoolest aru saada \u2013 mis uksi avada ja milliseid mitte. Viimasel ajal on tekkinud taju, et k\u00f5ik inimesed peaksid \u00fcldsuse silmis elama justkui \u00fchel korrusel, kuid see l\u00e4heb paratamatult konflikti reaalsusega. Kas k\u00f5iki saab v\u00e4gisi \u00fchele korrusele kokku tuua, et nad oleksid v\u00f5rdsed ja vestleksid s\u00f5bralikult,&#8221; k\u00fcsib ta.<\/p>\n<p>Lavastuse produtsent Ere Naat lisas, et &#8220;&#8221;Driftijad&#8221; on justkui j\u00e4rg Andri Luubi eelmisele autorilavastusele &#8220;Soo&#8221;, mis samuti k\u00e4sitles kaasaja valupunkte \u00fche perekonna kaudu.<\/p>\n<p>Autor ja lavastaja Andri Luup, unstnik Brigita Viik, valguskunstnik Emil Kallas (Tallinna Linnateater), helilooja T\u00f5nis Leemets, koreograaf Anna Kristin McCarthy. M\u00e4ngivad Liina Olmaru, Tarmo Song, Erik Richard Salum\u00e4e, Risto Vaidla (Eesti Noorsooteater), Anna Kristin McCarthy, Ott Aardam ja T\u00f5nis Leemets.<\/p>\n","protected":false},"excerpt":{"rendered":"28. m\u00e4rtsil esietendub Theatrumis Andri Luubi koguperekom\u00f6\u00f6dia &#8220;Driftijad&#8221;. Andri Luubi uuslavastus &#8220;Driftijad&#8221; on lugu rumalusest ja eesm\u00e4rgip\u00e4ratust elust&hellip;\n","protected":false},"author":2,"featured_media":139420,"comment_status":"","ping_status":"","sticky":false,"template":"","format":"standard","meta":{"footnotes":"","_share_on_mastodon":"0"},"categories":[16],"tags":[63395,37,33,35,173,34,36,140,19828],"class_list":["post-139419","post","type-post","status-publish","format-standard","has-post-thumbnail","category-meelelahutus","tag-driftijad","tag-ee","tag-eesti","tag-eesti-keel","tag-entertainment","tag-estonia","tag-estonian","tag-meelelahutus","tag-theatrum"],"share_on_mastodon":{"url":"https:\/\/pubeurope.com\/@ee\/116300918653726824","error":""},"_links":{"self":[{"href":"https:\/\/www.europesays.com\/ee\/wp-json\/wp\/v2\/posts\/139419","targetHints":{"allow":["GET"]}}],"collection":[{"href":"https:\/\/www.europesays.com\/ee\/wp-json\/wp\/v2\/posts"}],"about":[{"href":"https:\/\/www.europesays.com\/ee\/wp-json\/wp\/v2\/types\/post"}],"author":[{"embeddable":true,"href":"https:\/\/www.europesays.com\/ee\/wp-json\/wp\/v2\/users\/2"}],"replies":[{"embeddable":true,"href":"https:\/\/www.europesays.com\/ee\/wp-json\/wp\/v2\/comments?post=139419"}],"version-history":[{"count":0,"href":"https:\/\/www.europesays.com\/ee\/wp-json\/wp\/v2\/posts\/139419\/revisions"}],"wp:featuredmedia":[{"embeddable":true,"href":"https:\/\/www.europesays.com\/ee\/wp-json\/wp\/v2\/media\/139420"}],"wp:attachment":[{"href":"https:\/\/www.europesays.com\/ee\/wp-json\/wp\/v2\/media?parent=139419"}],"wp:term":[{"taxonomy":"category","embeddable":true,"href":"https:\/\/www.europesays.com\/ee\/wp-json\/wp\/v2\/categories?post=139419"},{"taxonomy":"post_tag","embeddable":true,"href":"https:\/\/www.europesays.com\/ee\/wp-json\/wp\/v2\/tags?post=139419"}],"curies":[{"name":"wp","href":"https:\/\/api.w.org\/{rel}","templated":true}]}}