{"id":139425,"date":"2026-03-27T11:35:06","date_gmt":"2026-03-27T11:35:06","guid":{"rendered":"https:\/\/www.europesays.com\/ee\/139425\/"},"modified":"2026-03-27T11:35:06","modified_gmt":"2026-03-27T11:35:06","slug":"lasnamael-poles-ehituskeemia-tehas-eesti","status":"publish","type":"post","link":"https:\/\/www.europesays.com\/ee\/139425\/","title":{"rendered":"Lasnam\u00e4el p\u00f5les ehituskeemia tehas | Eesti"},"content":{"rendered":"<p>Tallinnas Lasnam\u00e4el Suur-Paala t\u00e4naval asuvas ehituskeemiat tootvas ettev\u00f5ttes Wolf Group puhkes reede ennel\u00f5unal tulekahju, mida siirdus kustutama suur hulk p\u00e4\u00e4stjaid. Inimesed p\u00f5lengus viga ei saanud.<\/p>\n<p>H\u00e4irekeskus sai teate p\u00f5lengust kell 10.52. Esimese teate kohaselt olid leegid katusest v\u00e4ljas.<\/p>\n<p>Esimesena kohale j\u00f5udnud Lasnam\u00e4e p\u00e4\u00e4stjad n\u00e4gid juba kaugelt suitsu. Inimesed evakueeriti hoonest. P\u00f5lemine oli levinud seinte vahele ja t\u00f6\u00f6tati tulekahju leviku piiramiseks, sest hoones oli palju kemikaale.<\/p>\n<p>S\u00fcndmusele reageerisid Lasnam\u00e4e, Kesklinna, Lillek\u00fcla ja Pirita kutselised p\u00e4\u00e4stjad koos Muraste vabatahtlike, politsei ja kiirabiga.<\/p>\n<p>Tulekahju likvideeriti kell 12.22. J\u00e4relkontrolli ja lammutust\u00f6\u00f6de k\u00e4igus rohkem tulekoldeid ei leitud. Tulekahju levik hoone osale, kus hoiustatakse ehituskemikaale, suudeti \u00e4ra hoida.<\/p>\n<p>Ohtu \u00fcmbritsevatele elanikele ei ole. Keegi viga ei saanud.<\/p>\n<p>P\u00e4\u00e4stet\u00f6\u00f6de juhi hinnangul v\u00f5is tulekahju alguse saada katuselt, kuid t\u00e4psema tekkep\u00f5hjuse selgitab v\u00e4lja menetlus.<\/p>\n","protected":false},"excerpt":{"rendered":"Tallinnas Lasnam\u00e4el Suur-Paala t\u00e4naval asuvas ehituskeemiat tootvas ettev\u00f5ttes Wolf Group puhkes reede ennel\u00f5unal tulekahju, mida siirdus kustutama suur&hellip;\n","protected":false},"author":2,"featured_media":139426,"comment_status":"","ping_status":"","sticky":false,"template":"","format":"standard","meta":{"footnotes":"","_share_on_mastodon":"0"},"categories":[12],"tags":[26,27,37,33,35,63433,34,36,31,32,21,26484,28,29,19,1581,25,23,24,358,22,20,30],"class_list":["post-139425","post","type-post","status-publish","format-standard","has-post-thumbnail","category-eesti","tag-breaking-news","tag-breakingnews","tag-ee","tag-eesti","tag-eesti-keel","tag-ehituskeemia","tag-estonia","tag-estonian","tag-featured-news","tag-featurednews","tag-headlines","tag-keemiareostus","tag-latest-news","tag-latestnews","tag-news","tag-paasteamet","tag-populaarseimad-lood","tag-top-stories","tag-topstories","tag-tulekahju","tag-uldised-uudised","tag-uudised","tag-viimased-uudised"],"share_on_mastodon":{"url":"https:\/\/pubeurope.com\/@ee\/116300934224010139","error":""},"_links":{"self":[{"href":"https:\/\/www.europesays.com\/ee\/wp-json\/wp\/v2\/posts\/139425","targetHints":{"allow":["GET"]}}],"collection":[{"href":"https:\/\/www.europesays.com\/ee\/wp-json\/wp\/v2\/posts"}],"about":[{"href":"https:\/\/www.europesays.com\/ee\/wp-json\/wp\/v2\/types\/post"}],"author":[{"embeddable":true,"href":"https:\/\/www.europesays.com\/ee\/wp-json\/wp\/v2\/users\/2"}],"replies":[{"embeddable":true,"href":"https:\/\/www.europesays.com\/ee\/wp-json\/wp\/v2\/comments?post=139425"}],"version-history":[{"count":0,"href":"https:\/\/www.europesays.com\/ee\/wp-json\/wp\/v2\/posts\/139425\/revisions"}],"wp:featuredmedia":[{"embeddable":true,"href":"https:\/\/www.europesays.com\/ee\/wp-json\/wp\/v2\/media\/139426"}],"wp:attachment":[{"href":"https:\/\/www.europesays.com\/ee\/wp-json\/wp\/v2\/media?parent=139425"}],"wp:term":[{"taxonomy":"category","embeddable":true,"href":"https:\/\/www.europesays.com\/ee\/wp-json\/wp\/v2\/categories?post=139425"},{"taxonomy":"post_tag","embeddable":true,"href":"https:\/\/www.europesays.com\/ee\/wp-json\/wp\/v2\/tags?post=139425"}],"curies":[{"name":"wp","href":"https:\/\/api.w.org\/{rel}","templated":true}]}}