{"id":139437,"date":"2026-03-27T11:54:07","date_gmt":"2026-03-27T11:54:07","guid":{"rendered":"https:\/\/www.europesays.com\/ee\/139437\/"},"modified":"2026-03-27T11:54:07","modified_gmt":"2026-03-27T11:54:07","slug":"nullist-finaalini-%e2%9f%a9-haljala-ngu-vorkpallitiim-sihib-debuuthooajal-rahvaliigas-tiitlit-2","status":"publish","type":"post","link":"https:\/\/www.europesays.com\/ee\/139437\/","title":{"rendered":"NULLIST FINAALINI \u27e9 Haljala NGU v\u00f5rkpallitiim sihib deb\u00fc\u00fcthooajal rahvaliigas tiitlit"},"content":{"rendered":"<p>NGU pole aga lihtsalt j\u00e4rjekordne harrastustiim. Meeskonna kodum\u00e4ngudel n\u00e4eb rahvaliigas harva esinevat vaatepilti: tutvustatakse m\u00e4ngijaid, esinevad tantsut\u00fcdrukud, korraldatakse loosim\u00e4nge ja isegi jagatakse vastastele v\u00e4ikeseid kingitusi. N\u00e4iteks saab parim vastasm\u00e4ngija kaasa padja v\u00f5i teki. Nagu meeskonnas naljatatakse: hea p\u00e4rast kaotust tekk \u00fcle pea t\u00f5mmata ja patja nutta. Sama v\u00e4gevat s\u00f5ud tehti omal ajal ka korvpallitiimi m\u00e4ngudes, kui see veel rahvaliigas pallis.<\/p>\n","protected":false},"excerpt":{"rendered":"NGU pole aga lihtsalt j\u00e4rjekordne harrastustiim. Meeskonna kodum\u00e4ngudel n\u00e4eb rahvaliigas harva esinevat vaatepilti: tutvustatakse m\u00e4ngijaid, esinevad tantsut\u00fcdrukud, korraldatakse&hellip;\n","protected":false},"author":2,"featured_media":139422,"comment_status":"","ping_status":"","sticky":false,"template":"","format":"standard","meta":{"footnotes":"","_share_on_mastodon":"0"},"categories":[18],"tags":[63401,63418,37,33,35,63397,34,36,63399,4753,63396,63410,63405,63400,37858,63416,63408,63414,63398,39246,63407,63411,63417,63415,47394,31688,63412,11286,1172,159,158,63404,63413,63403,31687,63406,63402,63409],"class_list":["post-139437","post","type-post","status-publish","format-standard","has-post-thumbnail","category-sport","tag-aiko-hallimae","tag-debuuthooaeg","tag-ee","tag-eesti","tag-eesti-keel","tag-eesti-rahvaliiga-vorkpall","tag-estonia","tag-estonian","tag-finaalturniir-kaarikul","tag-haljala-ngu","tag-haljala-ngu-vorkpall","tag-harrastusvorkpall","tag-kaarel-pomerants","tag-kaariku-pallihall","tag-kaspar-pomerants","tag-korvpallitiim-ngu","tag-laane-virumaa-vorkpall","tag-loosimangud","tag-mehed-2-tugevusgrupp","tag-meistritiitel","tag-mulgid-viljandist","tag-ngu-brand","tag-omavalitsuste-suvemangud","tag-parima-mangija-auhind","tag-play-off","tag-poolfinaal","tag-publikuuritused-kodumangudel","tag-rahvaliiga","tag-rasmus-magi","tag-sport","tag-sports","tag-tanel-uuskula","tag-tantsutudrukud","tag-tony-tammiksaar","tag-veerandfinaal","tag-viljandi-valla-vorkpall","tag-viljar-larin","tag-virumaa-vorkpalli-legendid"],"share_on_mastodon":{"url":"","error":"Validation failed: Text character limit of 500 exceeded"},"_links":{"self":[{"href":"https:\/\/www.europesays.com\/ee\/wp-json\/wp\/v2\/posts\/139437","targetHints":{"allow":["GET"]}}],"collection":[{"href":"https:\/\/www.europesays.com\/ee\/wp-json\/wp\/v2\/posts"}],"about":[{"href":"https:\/\/www.europesays.com\/ee\/wp-json\/wp\/v2\/types\/post"}],"author":[{"embeddable":true,"href":"https:\/\/www.europesays.com\/ee\/wp-json\/wp\/v2\/users\/2"}],"replies":[{"embeddable":true,"href":"https:\/\/www.europesays.com\/ee\/wp-json\/wp\/v2\/comments?post=139437"}],"version-history":[{"count":0,"href":"https:\/\/www.europesays.com\/ee\/wp-json\/wp\/v2\/posts\/139437\/revisions"}],"wp:featuredmedia":[{"embeddable":true,"href":"https:\/\/www.europesays.com\/ee\/wp-json\/wp\/v2\/media\/139422"}],"wp:attachment":[{"href":"https:\/\/www.europesays.com\/ee\/wp-json\/wp\/v2\/media?parent=139437"}],"wp:term":[{"taxonomy":"category","embeddable":true,"href":"https:\/\/www.europesays.com\/ee\/wp-json\/wp\/v2\/categories?post=139437"},{"taxonomy":"post_tag","embeddable":true,"href":"https:\/\/www.europesays.com\/ee\/wp-json\/wp\/v2\/tags?post=139437"}],"curies":[{"name":"wp","href":"https:\/\/api.w.org\/{rel}","templated":true}]}}