{"id":139583,"date":"2026-03-27T15:16:18","date_gmt":"2026-03-27T15:16:18","guid":{"rendered":"https:\/\/www.europesays.com\/ee\/139583\/"},"modified":"2026-03-27T15:16:18","modified_gmt":"2026-03-27T15:16:18","slug":"rahandusminister-jurgen-ligi-suudistab-kaupmehi-valepropagandas-kaibemaks-ei-maara-toidu-hinda-elu24","status":"publish","type":"post","link":"https:\/\/www.europesays.com\/ee\/139583\/","title":{"rendered":"Rahandusminister J\u00fcrgen Ligi s\u00fc\u00fcdistab kaupmehi valepropagandas: k\u00e4ibemaks ei m\u00e4\u00e4ra toidu hinda &#8211; Elu24"},"content":{"rendered":"<ol>\n<li><a href=\"https:\/\/news.google.com\/rss\/articles\/CBMiyAFBVV95cUxPWTYwbWV1SFd0bnlvVGZZMHNlR1RYSlJvLWhkZmhiWTA4R1dPaHpkNGd3MG1oM20tVzJKc0I5Skk5R0s3SVlVNUFoV2R5dDN2TVlRODZ6R2VGank1SFo4a2Q5OGs5RWpIZkltRTJnenF1VVlPT0FJZDU2MDVmZmhtYWE4S21abk5xMC1EWFRicXJieDlRRkp6VWwzWVRSOG1MM0xpcU5IVDRINVdhbjMydV96b1I5QTFxMXo4VmFPcTlzS2VMUGFVUg?oc=5\" target=\"_blank\" rel=\"nofollow noopener\">Rahandusminister J\u00fcrgen Ligi s\u00fc\u00fcdistab kaupmehi valepropagandas: k\u00e4ibemaks ei m\u00e4\u00e4ra toidu hinda<\/a>&nbsp;&nbsp;Elu24<\/li>\n<li><a href=\"https:\/\/news.google.com\/rss\/articles\/CBMipAFBVV95cUxNdElxcURRci02bVNETHh3a2RQNE5WSXlwYklBel9wbkl1VlA4RHdmcU42QjRVTnVBN3FMZUJtNzd1MTI0ZWxEY2JlLTJCbHZJaEN6NFkwZXdIMjZMbHd2MThWRHg1c0prYmJhTXdVaEl5ZGJJZW9rNUdVT3Jndy1PUFBDQU5BYU4wUzBQUVZ3MUhoWm4wRWQwWkYxX1BjX1k3X1NFUA?oc=5\" target=\"_blank\" rel=\"nofollow noopener\">Jana Guzanova: kas terve Euroopa eksib ja t\u00f5de teab ainult Reformierakond?<\/a>&nbsp;&nbsp;ERR<\/li>\n<li><a href=\"https:\/\/news.google.com\/rss\/articles\/CBMigwFBVV95cUxNUzd1V2REaEY0SkIzZjhJZDdkOEdVYU5sclNGLUtqd0ljaGNtUEJHcldCU3BjVk16WmJ6Sng5M0JjQS1nSmpWbXJWRzRVN2NtcGxrV1dQLTBmN3JUTUlROFBCQnF3Sjl5eGtVVlRUV2Itc1d4RjZQUTJjbVpxMjJuMmFUUQ?oc=5\" target=\"_blank\" rel=\"nofollow noopener\">Miks toidu k\u00e4ibemaksu langetamine on oluline?<\/a>&nbsp;&nbsp;Postimees<\/li>\n<li><a href=\"https:\/\/news.google.com\/rss\/articles\/CBMixgFBVV95cUxNSUZmSUlrZ25RUkkxUTM5WlhucmRfa05ZWWF1UkFGOEhkWVBUY0pnUFFOaE1TaXdQMW9FQkdnenlKeGhzNzRMMDgxcEwyRHlhQlVZQXJzTmtBeFVWeGdrUDNpU3V4YkQyQlZva1FmTmwtdVBoU1RzX0tOSzIyOEswdFV1U2Jnd0tXRnd1anZObkZFQmQyUDc5LUtjaWRqbjBIempjRG9QczR4UFkwUWRYSk1lOFJHeFBGRDNkVGVwZFNHV0xJQnc?oc=5\" target=\"_blank\" rel=\"nofollow noopener\">Toit pole luksuskaup: Soomes j\u00f5udis toidu k\u00e4ibemaksu langetamine p\u00e4riselt hindadesse<\/a>&nbsp;&nbsp;\u00c4rileht<\/li>\n<li><a href=\"https:\/\/news.google.com\/rss\/articles\/CBMiP0FVX3lxTE9DUXFBOTA3MGZ6Z2lsbzdNaUE2ZU1jWUliM3c0b29yWFlBRjV6MkQxMnhFQVlGcFBWT3o5V0kzcw?oc=5\" target=\"_blank\" rel=\"nofollow noopener\">Poeketid survestavad riiki p\u00f5hitoiduainete k\u00e4ibemaksu langetama<\/a>&nbsp;&nbsp;Uudis.net<\/li>\n<\/ol>\n","protected":false},"excerpt":{"rendered":"Rahandusminister J\u00fcrgen Ligi s\u00fc\u00fcdistab kaupmehi valepropagandas: k\u00e4ibemaks ei m\u00e4\u00e4ra toidu hinda&nbsp;&nbsp;Elu24 Jana Guzanova: kas terve Euroopa eksib ja&hellip;\n","protected":false},"author":2,"featured_media":139584,"comment_status":"","ping_status":"","sticky":false,"template":"","format":"standard","meta":{"footnotes":"","_share_on_mastodon":"0"},"categories":[12],"tags":[63491,63490,26,27,37,33,35,63484,37230,63497,63485,34,36,63502,31,32,63500,21,63487,11006,746,1283,3228,63482,10018,63499,28,29,63492,63479,1281,34686,63488,63481,63501,19,63480,22027,63498,63495,25,63489,27938,1016,63494,63496,63493,60690,63483,6694,63486,52673,58473,23,24,22,20,63478,30],"class_list":["post-139583","post","type-post","status-publish","format-standard","has-post-thumbnail","category-eesti","tag-austria-kaibemaks","tag-belgia-kaibemaks","tag-breaking-news","tag-breakingnews","tag-ee","tag-eesti","tag-eesti-keel","tag-eesti-maksukoormus","tag-eesti-maksususteem","tag-el-kaibemaksureeglid","tag-elatustase","tag-estonia","tag-estonian","tag-faktipohine-arutelu","tag-featured-news","tag-featurednews","tag-hasartmangud-maksustamine","tag-headlines","tag-iirimaa-kaibemaks","tag-jaekaubandus","tag-jurgen-ligi","tag-kaibemaks","tag-kaitsekulud","tag-kaubanduspind","tag-kaupmehed","tag-kindlustus-maksustamine","tag-latest-news","tag-latestnews","tag-luksemburg-kaibemaks","tag-maksuerandid","tag-maksupoliitika","tag-maksusoodustused","tag-malta-kaibemaks","tag-muugimarginaalid","tag-muugitulu-ruutmeetri-kohta","tag-news","tag-oecd-uuring","tag-ostujoud","tag-pangandus-maksustamine","tag-poliitiline-debatt","tag-populaarseimad-lood","tag-prantsusmaa-kaibemaks","tag-rahandusminister","tag-riigieelarve","tag-rootsi-kaibemaks","tag-sihitud-toetused","tag-soome-kaibemaks","tag-sotsiaalmeedia-kriitika","tag-tallinn-kaubanduspind","tag-tarbijahinnad","tag-toidu-hind-euroopas","tag-toidu-hinnad","tag-toidu-kaibemaks","tag-top-stories","tag-topstories","tag-uldised-uudised","tag-uudised","tag-valepropaganda","tag-viimased-uudised"],"share_on_mastodon":{"url":"","error":"Validation failed: Text character limit of 500 exceeded"},"_links":{"self":[{"href":"https:\/\/www.europesays.com\/ee\/wp-json\/wp\/v2\/posts\/139583","targetHints":{"allow":["GET"]}}],"collection":[{"href":"https:\/\/www.europesays.com\/ee\/wp-json\/wp\/v2\/posts"}],"about":[{"href":"https:\/\/www.europesays.com\/ee\/wp-json\/wp\/v2\/types\/post"}],"author":[{"embeddable":true,"href":"https:\/\/www.europesays.com\/ee\/wp-json\/wp\/v2\/users\/2"}],"replies":[{"embeddable":true,"href":"https:\/\/www.europesays.com\/ee\/wp-json\/wp\/v2\/comments?post=139583"}],"version-history":[{"count":0,"href":"https:\/\/www.europesays.com\/ee\/wp-json\/wp\/v2\/posts\/139583\/revisions"}],"wp:featuredmedia":[{"embeddable":true,"href":"https:\/\/www.europesays.com\/ee\/wp-json\/wp\/v2\/media\/139584"}],"wp:attachment":[{"href":"https:\/\/www.europesays.com\/ee\/wp-json\/wp\/v2\/media?parent=139583"}],"wp:term":[{"taxonomy":"category","embeddable":true,"href":"https:\/\/www.europesays.com\/ee\/wp-json\/wp\/v2\/categories?post=139583"},{"taxonomy":"post_tag","embeddable":true,"href":"https:\/\/www.europesays.com\/ee\/wp-json\/wp\/v2\/tags?post=139583"}],"curies":[{"name":"wp","href":"https:\/\/api.w.org\/{rel}","templated":true}]}}