{"id":139596,"date":"2026-03-27T15:35:35","date_gmt":"2026-03-27T15:35:35","guid":{"rendered":"https:\/\/www.europesays.com\/ee\/139596\/"},"modified":"2026-03-27T15:35:35","modified_gmt":"2026-03-27T15:35:35","slug":"mm-kompass-alles-jai-neid-kaheksa-itaalia-tegi-pool-tood-ara-briti-saartel-oli-must-ohtu-soccernet-ee-2","status":"publish","type":"post","link":"https:\/\/www.europesays.com\/ee\/139596\/","title":{"rendered":"MM-kompass | Alles j\u00e4i neid kaheksa: Itaalia tegi pool t\u00f6\u00f6d \u00e4ra, Briti saartel oli must \u00f5htu &#8211; Soccernet.ee"},"content":{"rendered":"<p><img decoding=\"async\" src=\"https:\/\/www.europesays.com\/ee\/wp-content\/uploads\/2026\/03\/1774563324.jpg\" alt=\"Sandro Tonali vedas Itaalia viimase t\u00f5kkeni. Foto: Scanpix \/ Alberto PIZZOLI \/ AFP\"\/>&#13;\n<\/p>\n<p>Euroopa koondiste MM-piletijaht pakkus eelviimasel t\u00f5kkel omajagu draamat. Itaalia edenes ootusp\u00e4raselt, kuid\u00a0Slovakkia p\u00f5rus kodus Kosovo vastu ning\u00a0kaheksast poolfinaalist kaks otsustati penaltiseerias.<\/p>\n<p>Tegu on \u00fchem\u00e4nguliste s\u00f5elm\u00e4ngudega, kus neljap\u00e4eva \u00f5htul peeti poolfinaale ning kaheksa v\u00f5idukat meeskonda selgitavad 31. m\u00e4rtsil v\u00e4lja nelja MM-p\u00e4\u00e4sme omanikud.&#13;\n<\/p>\n<p>UEFA tsoonist on MM-p\u00e4\u00e4sme juba taganud alagruppide 12 v\u00f5itjat ehk Saksamaa, \u0160veits, \u0160otimaa, Prantsusmaa, Hispaania, Portugal, Holland, Austria, Norra, Belgia, Inglismaa ja Horvaatia.&#13;\n<\/p>\n<p>Otsustavates s\u00f5elm\u00e4ngudes v\u00f5\u00f5rustab Bosnia ja Hertsegoviina Itaaliat, Rootsi Poolat, Kosovo T\u00fcrgit ja T\u0161ehhi Taanit.<\/p>\n<p>N\u00e4itaja | Turuv\u00e4\u00e4rtus. \u00d5htu algas T\u00fcrgi 1:0 v\u00f5iduga Rumeenia \u00fcle. Transfermarkt hindab T\u00fcrgi koondise m\u00e4ngijate koguturuv\u00e4\u00e4rtuse 453 miljoni euro peale ja Rumeenia koondislaste koguv\u00e4\u00e4rtuseks &#8220;vaid&#8221; 96 miljonit. Seejuures kombineerisid v\u00f5iduv\u00e4rava kalleim mees v\u00e4ljakul, 90-miljonilise hinnasildiga Arda G\u00fcler, ja 30-miljonilise v\u00e4\u00e4rtusega\u00a0Ferdi Kadioglu, kelle eest Brighton poolteist aastat tagasi t\u00f5epoolest just sellise rahasumma letti l\u00f5i.&#13;\n<\/p>\n<p>V\u00f5imalustevaene heitlus otsustati 53. minutil, kui Kadioglu tegi vasakkaitsest l\u00e4bijooksu v\u00e4rava ette ja Arda G\u00fcler leidis ta t\u00e4pse diagonaalpassiga teiselt \u00e4\u00e4relt, misj\u00e4rel j\u00e4i Brightoni kaitsjal \u00fcle vaid pall v\u00e4ravavahist m\u00f6\u00f6da l\u00fckata.&#13;\n<\/p>\n<blockquote class=\"twitter-tweet\"><p>&#13;<\/p>\n<p lang=\"en\" dir=\"ltr\">The breakthrough \ud83c\uddf9\ud83c\uddf7<a href=\"https:\/\/twitter.com\/hashtag\/FIFAWorldCup?src=hash&amp;ref_src=twsrc%5Etfw\" rel=\"nofollow noopener\" target=\"_blank\">#FIFAWorldCup<\/a> <a href=\"https:\/\/t.co\/9giBpqgRfz\" rel=\"nofollow\">pic.twitter.com\/9giBpqgRfz<\/a>&#13;<br \/>\n\u2014 FIFA World Cup (@FIFAWorldCup) <a href=\"https:\/\/twitter.com\/FIFAWorldCup\/status\/2037233725864390924?ref_src=twsrc%5Etfw\" rel=\"nofollow noopener\" target=\"_blank\">March 26, 2026<\/a><\/p>\n<\/blockquote>\n<p>Hambutu | Rumeenia. Istanbuli Besiktase kodustaadioni publik lennutas vaheajal n\u00f6rdinult paberlennukeid, sest avapoolaeg pakkus minimaalselt v\u00e4ravaohtu ja seda m\u00f5lema meeskonna poolt. T\u00fcrgi juhtv\u00e4rav t\u00f5mbas m\u00e4ngu k\u00e4ima, peagi tabas Kenan Yildiz ka latti, ent Rumeenia ei suutnudki t\u00f5sist viigiv\u00f5imalust luua. T\u00f5si, vahetusest sekkunud Nicolae Stanciu tabas nurgal\u00f6\u00f6gij\u00e4rgses olukorras posti, ent enne seda fikseeriti tema tiimikaaslasele napp suluseis.&#13;\n<\/p>\n<p>Haavatav | Itaalia. T\u00fcrgi ja Rumeenia turuv\u00e4\u00e4rtuste vahest veel suuremad k\u00e4\u00e4rid esinesid ainult \u00fches poolfinaalis ja loomulikult oli selleks Itaalia (839 miljonit) ja P\u00f5hja-Iirimaa (100 miljonit) vastasseis. Ent hoolimata koduv\u00e4ljakueelisest j\u00e4id itaallased p\u00f5hjaiirlaste madala kaitsebloki murdmisel \u00fcsnagi h\u00e4tta, samas kui kaitses n\u00e4idati korduvalt haavatavust.&#13;\n<\/p>\n<p>\u00dcldjoontes Itaalia siiski domineeris ning teisel poolajal said ka v\u00e4ravad l\u00f6\u00f6dud, kui Sandro Tonali sooritas esmalt kastijoonelt\u00a0p\u00fc\u00fcdmatu \u00fchepuutel\u00f6\u00f6gi ja andis siis resultatiivse s\u00f6\u00f6du Moise Keanile. Tervikuna ei sisendanud aga m\u00e4ngupilt just liigselt kindlustunnet, et 31. m\u00e4rtsil Zenicas t\u00f6\u00f6 l\u00f5pule viiakse ja esimest korda p\u00e4rast 2014. aastat j\u00e4lle MM-ile p\u00e4\u00e4setakse.<\/p>\n<p>Igihaljas | Edin D\u017eeko.\u00a0Eesti koondise eakamad toetajad ei suuda ilmselt kunagi unustada 2008. aasta 10. septembrit, mil Bosnia ja Hertsegoviinast 0:7 kaotusega koju tuldi. Kaks v\u00e4ravat l\u00f5i seal Edin D\u017eeko, kelle jaoks olid need koondises\u00e4rgis vastavalt teine ja kolmas tabamus. Ligi kaheksateist aastat hiljem on D\u017eeko j\u00e4tkuvalt rivis ja tassib oma kodumaad veel ka 40-aastasena. Just tema 86. minuti peal\u00f6\u00f6k viigistas Cardiffis seisu, viies m\u00e4ngu lisaajale, kus nooremad kaaslased t\u00f6\u00f6 l\u00f5pule viisid. See oli tema 73. koondisev\u00e4rav.&#13;\n<\/p>\n<blockquote class=\"twitter-tweet\"><p>&#13;<\/p>\n<p lang=\"en\" dir=\"ltr\">Edin D\u017eeko is eternal \ud83d\ude2e\u200d\ud83d\udca8\ud83c\udde7\ud83c\udde6<\/p>\n<p>The 40-year old striker gets a late equaliser to keep Bosnia and Herzegovina\u2019s World Cup dreams alive \ud83d\udd25 <a href=\"https:\/\/t.co\/hXlXtMm5GJ\" rel=\"nofollow\">pic.twitter.com\/hXlXtMm5GJ<\/a>&#13;<br \/>\n\u2014 OneFootball (@OneFootball) <a href=\"https:\/\/twitter.com\/OneFootball\/status\/2037282649606095259?ref_src=twsrc%5Etfw\" rel=\"nofollow noopener\" target=\"_blank\">March 26, 2026<\/a><\/p>\n<\/blockquote>\n<p>Murtud s\u00fcdamed | Briti saartel. P\u00f5hja-Iirimaa p\u00fcsis Bergamos kuni 56. minutini viigiseisul, Iirimaa hoidis aga Prahas kuni 86. minutini juhtohje ning Wales tegi sama kodus Bosnia vastu. L\u00f5puks tuli aga k\u00f5igil kolmel oma MM-unistus kustunuks lugeda, kusjuures nii Iirimaa kui ka Wales j\u00f5udsid penaltiseerias veel ka juhtima minna, enne kui viimaste l\u00f6\u00f6jate eksimused nad taevast maa peale kukutasid.&#13;\n<\/p>\n<p>Superkangelane |\u00a0Viktor Gy\u00f6keres.\u00a0Alexander Isaki ja Dejan Kulusevski vigastuste t\u00f5ttu vaatasid rootslased Valencias Ukrainaga m\u00e4ngides Gy\u00f6kerese otsa ning maskiga kangelane ei petnud ootuseid. Ta j\u00f5udis sihile juba kuuendal minutil, kui Ukraina kaitse s\u00f6\u00f6dum\u00e4nguga niiviisi lahti riietati, et  r\u00fcndaja sai palli paarilt meetrilt t\u00fchja v\u00f5rku l\u00fckata. Teise poolaja alguses vajas Arsenali \u00e4ss sama v\u00e4he minuteid, et kiirr\u00fcnnaku j\u00e4rel teist korda mask t\u00e4histamiseks v\u00e4lja v\u00f5tta. Ning k\u00fcbaratriki vormistas ta 72. minutil ise teenitud penaltist. Auv\u00e4ravani j\u00f5udis Ukraina alles viimasel minutil.&#13;\n<\/p>\n<blockquote class=\"twitter-tweet\"><p>&#13;<\/p>\n<p lang=\"en\" dir=\"ltr\">\ud83d\udcab\ud83c\uddf8\ud83c\uddea Imagine having the pressure of your entire nation on your shoulders, they want you to deliver, they want you to bring them to the World Cup.<\/p>\n<p>And you respond by scoring a hattrick.<\/p>\n<p>VIKTOR GY\u00d6KERES, RESPECT! <a href=\"https:\/\/t.co\/OsK57saVd3\" rel=\"nofollow\">pic.twitter.com\/OsK57saVd3<\/a>&#13;<br \/>\n\u2014 The Touchline | \ud835\udc13 (@TouchlineX) <a href=\"https:\/\/twitter.com\/TouchlineX\/status\/2037278410733449677?ref_src=twsrc%5Etfw\" rel=\"nofollow noopener\" target=\"_blank\">March 26, 2026<\/a><\/p>\n<\/blockquote>\n<p>Taani sangar |\u00a0Gustav Isaksen. Taani otsis teed l\u00e4bi P\u00f5hja-Makedoonia kaitselab\u00fcrindi, kuni Rooma Lazio \u00e4\u00e4rer\u00fcndaja Gustav Isaksen teise poolaja alguses m\u00e4ngu \u00e4ra otsustas. 49. minutil viis tema l\u00e4bimurre Mikkel Damsgaardi juhtv\u00e4ravani, 58. ja 59. minutil skooris ta aga ise kaks korda j\u00e4rjest. L\u00f5ppskoori vormistas 76. minutil Christian Norgaard, kes v\u00f5ttis Christian Erikseni nurgal\u00f6\u00f6ki r\u00fcnnates oma meeskonnakaaslasel ol\u00fcmpiav\u00e4rava k\u00e4est \u00e4ra.&#13;\n<\/p>\n<p>Kuna Norra ootab finaalturniiril juba ees, p\u00fcsib \u00f5hus v\u00f5imalus, et MM-il m\u00e4ngivad kolm p\u00f5hjala riiki.\u00a0Selleks peab Rootsi veel jagu saama Poolast ja Taani T\u0161ehhist.<\/p>\n<p>Krahhi \u00e4\u00e4relt | Visegrad. Visegradi grupi riike (T\u0161ehhi, Ungari, Poola ja Slovakkia) \u00e4hvardas kollektiivne krahh, sest Ungari ei j\u00f5udnud isegi s\u00f5elm\u00e4ngudele ning \u00fclej\u00e4\u00e4nud kolm leidsid end seal poolfinaalides kaotusseisust. Slovakkia ei tulnudki sealt v\u00e4lja, kaotades kodus Kosovole 3:4. T\u0161ehhid v\u00f5itlesid end aga Iirimaa vastu 0:2 kaotusseisust penaltiseeriani ning poolakad p\u00e4\u00e4stsid 2:1 v\u00f5idu t\u00e4nu v\u00e4simatu Robert Lewandowski ja Piotr Zielinski teise poolaja v\u00e4ravatele.&#13;\n<\/p>\n<p>Poola kaitsetugitala Jan Bednarek peab r\u00fcndajatele head ja paremat v\u00e4lja tegema, sest avapoolaja l\u00f5pus kattis ta Albaania l\u00e4bis\u00f6\u00f6du puhul suluseisu \u00e4ra ning tabas siis ise palli oksakohaga, v\u00f5imaldades Arber Hoxhal l\u00e4bi p\u00e4\u00e4seda ja palli v\u00f5rku panna. Lewandowski kerkis aga p\u00e4\u00e4stjana nurgal\u00f6\u00f6gi ajal k\u00f5ige k\u00f5rgemale ning Zielinski saatis ligi 25 meetrilt pomml\u00f6\u00f6gi posti k\u00f5rvale.&#13;\n<\/p>\n<p>          <script async src=\"https:\/\/platform.twitter.com\/widgets.js\" charset=\"utf-8\"><\/script><\/p>\n","protected":false},"excerpt":{"rendered":"&#13; Euroopa koondiste MM-piletijaht pakkus eelviimasel t\u00f5kkel omajagu draamat. Itaalia edenes ootusp\u00e4raselt, kuid\u00a0Slovakkia p\u00f5rus kodus Kosovo vastu ning\u00a0kaheksast&hellip;\n","protected":false},"author":2,"featured_media":139166,"comment_status":"","ping_status":"","sticky":false,"template":"","format":"standard","meta":{"footnotes":"","_share_on_mastodon":"0"},"categories":[18],"tags":[1251,10179,11143,37,33,35,34,36,8825,109,10395,24861,6890,47394,10397,10398,111,889,1945,1350,62953,159,158,264,6908,116,329,262,1364],"class_list":["post-139596","post","type-post","status-publish","format-standard","has-post-thumbnail","category-sport","tag-albaania","tag-bosnia","tag-bosnia-ja-hertsegoviina","tag-ee","tag-eesti","tag-eesti-keel","tag-estonia","tag-estonian","tag-iirimaa","tag-itaalia","tag-kosovo","tag-kvalifikatsioon","tag-mm2026","tag-play-off","tag-pohja-iirimaa","tag-pohja-makedoonia","tag-poola","tag-rootsi","tag-rumeenia","tag-slovakkia","tag-soelmangud","tag-sport","tag-sports","tag-taani","tag-tomasson","tag-tsehhi","tag-turgi","tag-ukraina","tag-wales"],"share_on_mastodon":{"url":"https:\/\/pubeurope.com\/@ee\/116301877998857982","error":""},"_links":{"self":[{"href":"https:\/\/www.europesays.com\/ee\/wp-json\/wp\/v2\/posts\/139596","targetHints":{"allow":["GET"]}}],"collection":[{"href":"https:\/\/www.europesays.com\/ee\/wp-json\/wp\/v2\/posts"}],"about":[{"href":"https:\/\/www.europesays.com\/ee\/wp-json\/wp\/v2\/types\/post"}],"author":[{"embeddable":true,"href":"https:\/\/www.europesays.com\/ee\/wp-json\/wp\/v2\/users\/2"}],"replies":[{"embeddable":true,"href":"https:\/\/www.europesays.com\/ee\/wp-json\/wp\/v2\/comments?post=139596"}],"version-history":[{"count":0,"href":"https:\/\/www.europesays.com\/ee\/wp-json\/wp\/v2\/posts\/139596\/revisions"}],"wp:featuredmedia":[{"embeddable":true,"href":"https:\/\/www.europesays.com\/ee\/wp-json\/wp\/v2\/media\/139166"}],"wp:attachment":[{"href":"https:\/\/www.europesays.com\/ee\/wp-json\/wp\/v2\/media?parent=139596"}],"wp:term":[{"taxonomy":"category","embeddable":true,"href":"https:\/\/www.europesays.com\/ee\/wp-json\/wp\/v2\/categories?post=139596"},{"taxonomy":"post_tag","embeddable":true,"href":"https:\/\/www.europesays.com\/ee\/wp-json\/wp\/v2\/tags?post=139596"}],"curies":[{"name":"wp","href":"https:\/\/api.w.org\/{rel}","templated":true}]}}