{"id":139606,"date":"2026-03-27T15:50:18","date_gmt":"2026-03-27T15:50:18","guid":{"rendered":"https:\/\/www.europesays.com\/ee\/139606\/"},"modified":"2026-03-27T15:50:18","modified_gmt":"2026-03-27T15:50:18","slug":"reformierakond-tahab-noorte-lastevanemate-vanemahuvitise-suurendamist","status":"publish","type":"post","link":"https:\/\/www.europesays.com\/ee\/139606\/","title":{"rendered":"Reformierakond tahab noorte lastevanemate vanemah\u00fcvitise suurendamist"},"content":{"rendered":"<p>Reformierakonna juhatus toetas Signe Riisalo juhitud sotsiaalt\u00f6\u00f6r\u00fchma ettepanekut suurendada kuni 28-aastaste esmakordselt lapsevanemaks saavate noorte vanemah\u00fcvitist, kirjutab BNS.<\/p>\n<p>Reformierakonna juhatuse liikme ja Riigikogu sotsiaalkomisjoni esimehe Signe Riisalo s\u00f5nul on muudatuse eesm\u00e4rk kompenseerida varases karj\u00e4\u00e4rifaasis saamata j\u00e4\u00e4vat palgakasvu ning anda noortele kindlus, et pere loomine ei t\u00e4henda sissetuleku v\u00e4henemist.<\/p>\n<p>\u201cAastaid keskendus Eesti perepoliitika eelk\u00f5ige teise ja kolmanda lapse s\u00fcnni toetamisele, l\u00e4htudes arusaamast, et esimene laps s\u00fcnnib enamasti s\u00f5ltumata riiklikest meetmetest ehk soovist ja armastusest,\u201d \u00fctles Riisalo.<\/p>\n<p>Tema s\u00f5nul on olukord t\u00e4naseks muutunud. \u201eInimeste ja perede k\u00e4itumine ning vajadused muutuvad ajas. Ka esimese lapse s\u00fcnd ei ole iseenesestm\u00f5istetav ning vajab senisest rohkem kindlustunnet. Nii Eestis kui ka mujal Euroopas l\u00fckkavad noored esimese lapse saamist edasi. Selle \u00fcheks p\u00f5hjuseks on majanduslik ebakindlus, sealhulgas hirm sissetuleku v\u00e4henemise ees,\u201c selgitas Riisalo.<\/p>\n<p>Endise sotsiaalkaitseministri s\u00f5nul peab riik looma keskkonna, kus noored, kes soovivad pere luua, ei pea valima t\u00f6\u00f6, sissetuleku ja pere vahel.<\/p>\n<p>Riisalo s\u00f5nul n\u00e4itavad uuringud, et just vanemah\u00fcvitis on toetanud laste saamist. \u201cEnt nagu viitas ka s\u00fcgisel avaldatud sotsiaalministeeriumi laste saamise ja kasvatamise anal\u00fc\u00fcs, tuleb vanemah\u00fcvitist kaasajastada perede muutunud vajadusi arvesse v\u00f5ttes,\u201d s\u00f5nas Riisalo.<\/p>\n<p>Ettepaneku elluviimise ajakava s\u00f5ltub edasisest t\u00f6\u00f6st. \u201cOluline on see, et erakonna juhatus on andnud selge poliitilise mandaadi vanemah\u00fcvitist sisuliselt edasi arendada. Tegemist on h\u00e4sti sihitud meetmega perede kindlustunde t\u00f5stmiseks,\u201c m\u00e4rkis Riisalo.<\/p>\n","protected":false},"excerpt":{"rendered":"Reformierakonna juhatus toetas Signe Riisalo juhitud sotsiaalt\u00f6\u00f6r\u00fchma ettepanekut suurendada kuni 28-aastaste esmakordselt lapsevanemaks saavate noorte vanemah\u00fcvitist, kirjutab BNS.&hellip;\n","protected":false},"author":2,"featured_media":139607,"comment_status":"","ping_status":"","sticky":false,"template":"","format":"standard","meta":{"footnotes":"","_share_on_mastodon":"0"},"categories":[5],"tags":[26,27,37,33,35,34,36,31,32,21,5389,28,29,19,1565,3831,25,643,3200,3830,23,24,22,20,23479,30],"class_list":["post-139606","post","type-post","status-publish","format-standard","has-post-thumbnail","category-uldised-uudised","tag-breaking-news","tag-breakingnews","tag-ee","tag-eesti","tag-eesti-keel","tag-estonia","tag-estonian","tag-featured-news","tag-featurednews","tag-headlines","tag-lapsevanemad","tag-latest-news","tag-latestnews","tag-news","tag-perekond","tag-perepoliitika","tag-populaarseimad-lood","tag-reformierakond","tag-signe-riisalo","tag-sundimus","tag-top-stories","tag-topstories","tag-uldised-uudised","tag-uudised","tag-vanemahuvitis","tag-viimased-uudised"],"share_on_mastodon":{"url":"https:\/\/pubeurope.com\/@ee\/116301936938825814","error":""},"_links":{"self":[{"href":"https:\/\/www.europesays.com\/ee\/wp-json\/wp\/v2\/posts\/139606","targetHints":{"allow":["GET"]}}],"collection":[{"href":"https:\/\/www.europesays.com\/ee\/wp-json\/wp\/v2\/posts"}],"about":[{"href":"https:\/\/www.europesays.com\/ee\/wp-json\/wp\/v2\/types\/post"}],"author":[{"embeddable":true,"href":"https:\/\/www.europesays.com\/ee\/wp-json\/wp\/v2\/users\/2"}],"replies":[{"embeddable":true,"href":"https:\/\/www.europesays.com\/ee\/wp-json\/wp\/v2\/comments?post=139606"}],"version-history":[{"count":0,"href":"https:\/\/www.europesays.com\/ee\/wp-json\/wp\/v2\/posts\/139606\/revisions"}],"wp:featuredmedia":[{"embeddable":true,"href":"https:\/\/www.europesays.com\/ee\/wp-json\/wp\/v2\/media\/139607"}],"wp:attachment":[{"href":"https:\/\/www.europesays.com\/ee\/wp-json\/wp\/v2\/media?parent=139606"}],"wp:term":[{"taxonomy":"category","embeddable":true,"href":"https:\/\/www.europesays.com\/ee\/wp-json\/wp\/v2\/categories?post=139606"},{"taxonomy":"post_tag","embeddable":true,"href":"https:\/\/www.europesays.com\/ee\/wp-json\/wp\/v2\/tags?post=139606"}],"curies":[{"name":"wp","href":"https:\/\/api.w.org\/{rel}","templated":true}]}}