{"id":139692,"date":"2026-03-27T18:15:25","date_gmt":"2026-03-27T18:15:25","guid":{"rendered":"https:\/\/www.europesays.com\/ee\/139692\/"},"modified":"2026-03-27T18:15:25","modified_gmt":"2026-03-27T18:15:25","slug":"in-memoriam-%e2%9f%a9-toomas-tein-15-vii-1955-22-iii-2026","status":"publish","type":"post","link":"https:\/\/www.europesays.com\/ee\/139692\/","title":{"rendered":"IN MEMORIAM \u27e9 Toomas Tein\u200b (15. VII 1955 \u2013 22. III 2026)"},"content":{"rendered":"<p>J\u00e4rgneva aasta veetis dr Toomas Tein internina Tartu kliinilise haigla traumatoloogia osakonnas, mis j\u00e4igi kogu eluks tema peamiseks t\u00f6\u00f6kohaks vaatamata tegevusele poliitikas ja tema enese loodud erakliinikus ning mitmes kodumaises ja rahvusvahelises erialaorganisatsioonis.<\/p>\n<p>Ortopeedi t\u00f6\u00f6d tundis dr Toomas Tein h\u00e4sti, juba 1983. aastal sai ta traumatoloogia osakonna juhiks, seal kujunes ta Eesti juhtivaks ortopeediks. Omades head kirurgik\u00e4tt ja \u00e4rksat meelt, ei olnud see \u00fcllatav. \u00c4rgem unustagem, et Eesti Vabariigi taastamise aeg eelmise sajandi 1990. aastatel oli ka traumaderohke, neid vigastusi raviti just traumatoloogia osakonnas.<\/p>\n<p>Tuntud spordimehena oli Toomas Teinil hea nimi spordimaailmas, kuid ilmselt oli eelk\u00f5ige ikkagi hea arsti kuulsus see, mis t\u00f5i patsiendid tema juurde, sealhulgas ka paljud sportlased.<\/p>\n<p>Dr Toomas Tein oli Eesti kahe ortopeediaseltsi, Eesti ortopeedia seltsi ja Eesti artroskoopia ja sporditraumatoloogia seltsi auliige, viimase puhul ka asutajaliige, samuti v\u00e4lismaiste erialaseltside liige. Ta oli tegev \u00fcli\u00f5pilaste ja residentide \u00f5petajana. Olnud pikalt \u00fcks rahvuslikest esindajatest Euroopa eriarstide \u00fchenduse (UEMS\/EBOT \u2013 Union of European Medical Specialists\/European Bord of Orthopaedics and Traumatology) juures, oli tal ka panus Euroopa ortopeediahariduse korraldamises. Samuti osales dr Toomas Tein eksamineerijana UEMS\/EBOTi korraldatud eksamitel ja aitas seda formaati Eestisse tuua, ikka selleks, et v\u00f5imalikult p\u00f5hjalikult harmoniseerida meie ortopeedia\u00f5pet teistega.<\/p>\n<p>Selle v\u00e4ljenduseks on noorema p\u00f5lve ortopeedide m\u00f5te seoses Toomas Teini lahkumisega: \u00abDoktor Toomas Teini j\u00e4\u00e4vad t\u00e4nutundega m\u00e4letama mitu ortopeedide p\u00f5lvkonda, kelle \u00f5petamisse ta p\u00fchendunult panustas. Ta oli t\u00f5eline \u00f5petaja \u2013 innustaja ja eeskuju, kes suunas noori kolleege ise m\u00f5tlema. Tema p\u00e4ikeseline olek, huumorimeel ning alati toetav ja ettepoole vaatav suhtumine l\u00f5id \u00f5hkkonna, milles oli hea \u00f5ppida ja areneda. Teini igan\u00e4dalased seminarid j\u00e4tsid s\u00fcgava j\u00e4lje ning need elavad meie m\u00e4lestustes edasi t\u00e4nutunde ja legendina.\u00bb<\/p>\n","protected":false},"excerpt":{"rendered":"J\u00e4rgneva aasta veetis dr Toomas Tein internina Tartu kliinilise haigla traumatoloogia osakonnas, mis j\u00e4igi kogu eluks tema peamiseks&hellip;\n","protected":false},"author":2,"featured_media":139693,"comment_status":"","ping_status":"","sticky":false,"template":"","format":"standard","meta":{"footnotes":"","_share_on_mastodon":"0"},"categories":[5],"tags":[26,27,37,33,35,34,36,31,32,21,28,29,63586,19,63585,25,1599,61542,23,24,22,20,30],"class_list":["post-139692","post","type-post","status-publish","format-standard","has-post-thumbnail","category-uldised-uudised","tag-breaking-news","tag-breakingnews","tag-ee","tag-eesti","tag-eesti-keel","tag-estonia","tag-estonian","tag-featured-news","tag-featurednews","tag-headlines","tag-latest-news","tag-latestnews","tag-nekroloog","tag-news","tag-ortopeed","tag-populaarseimad-lood","tag-tartu-linnavalitsus","tag-toomas-tein","tag-top-stories","tag-topstories","tag-uldised-uudised","tag-uudised","tag-viimased-uudised"],"share_on_mastodon":{"url":"https:\/\/pubeurope.com\/@ee\/116302507159805530","error":""},"_links":{"self":[{"href":"https:\/\/www.europesays.com\/ee\/wp-json\/wp\/v2\/posts\/139692","targetHints":{"allow":["GET"]}}],"collection":[{"href":"https:\/\/www.europesays.com\/ee\/wp-json\/wp\/v2\/posts"}],"about":[{"href":"https:\/\/www.europesays.com\/ee\/wp-json\/wp\/v2\/types\/post"}],"author":[{"embeddable":true,"href":"https:\/\/www.europesays.com\/ee\/wp-json\/wp\/v2\/users\/2"}],"replies":[{"embeddable":true,"href":"https:\/\/www.europesays.com\/ee\/wp-json\/wp\/v2\/comments?post=139692"}],"version-history":[{"count":0,"href":"https:\/\/www.europesays.com\/ee\/wp-json\/wp\/v2\/posts\/139692\/revisions"}],"wp:featuredmedia":[{"embeddable":true,"href":"https:\/\/www.europesays.com\/ee\/wp-json\/wp\/v2\/media\/139693"}],"wp:attachment":[{"href":"https:\/\/www.europesays.com\/ee\/wp-json\/wp\/v2\/media?parent=139692"}],"wp:term":[{"taxonomy":"category","embeddable":true,"href":"https:\/\/www.europesays.com\/ee\/wp-json\/wp\/v2\/categories?post=139692"},{"taxonomy":"post_tag","embeddable":true,"href":"https:\/\/www.europesays.com\/ee\/wp-json\/wp\/v2\/tags?post=139692"}],"curies":[{"name":"wp","href":"https:\/\/api.w.org\/{rel}","templated":true}]}}