{"id":139757,"date":"2026-03-27T20:24:07","date_gmt":"2026-03-27T20:24:07","guid":{"rendered":"https:\/\/www.europesays.com\/ee\/139757\/"},"modified":"2026-03-27T20:24:07","modified_gmt":"2026-03-27T20:24:07","slug":"prahas-asuvat-vene-kultuurikeskust-visati-molotovi-kokteilidega","status":"publish","type":"post","link":"https:\/\/www.europesays.com\/ee\/139757\/","title":{"rendered":"Prahas asuvat Vene kultuurikeskust visati Molotovi kokteilidega"},"content":{"rendered":"<p>T\u0161ehhi politsei teatel juhtunut uuritakse ja kahtlusalust otsitakse. Hoone r\u00fcnnaku k\u00e4igus ei s\u00fcttinud. S\u00fcndmuskohast tehtud piltidel on n\u00e4ha purunenud akent ja hoone s\u00f6estunud fassaadi.<\/p>\n<p>Vene Majana tuntud hoonet rahastab <a rel=\"noopener nofollow\" target=\"_blank\" href=\"https:\/\/www.delfi.ee\/teema\/3\/venemaa\" tag-id=\"3\">Venemaa<\/a> riik, kuid sellel puudub diplomaatiline staatus, kirjutab Associated Press. Keskuse teatel korraldatakse hoones mitmesuguseid kultuuri-, haridus- ja teadusprogramme ning pakutakse ka vene keele kursuseid.<\/p>\n<p>Venemaa saatkond Prahas teatas, et Vene kultuurikeskuse pihta visati kuus tuleohtliku ainega pudelit, millest kolm kahjustasid fassaadi.<\/p>\n<p>\u201eMe peame seda juhtumit enneolematuks v\u00e4givaldseks teoks, mis ohustas t\u00f6\u00f6tajate elu ja tervist,\u201c teatas saatkond. Sellega seoses on saatkond palunud T\u0161ehhi v\u00f5imudel tugevdada riigis asuvate Vene institutsioonide ja nende t\u00f6\u00f6tajate turvalisust.<\/p>\n<p>T\u0161ehhi siseminister Lubom\u00edr Metnar nimetas oma sotsiaalmeedia postituses r\u00fcnnakut vastuv\u00f5etamatuks ja kinnitas, et v\u00f5imud on valmis reageerima, kui on vaja v\u00f5tta edasisi meetmeid.<\/p>\n<p>Kuidas see lugu Sind end tundma pani? Saada <a href=\"https:\/\/www.delfi.ee\/artikkel\/120563876\/prahas-asuvat-vene-kultuurikeskust-visati-molotovi-kokteilidega\/kommentaarid\" class=\"article-body-bottom__comment article-body-bottom__comment--write button button--primary button--size-auto\" rel=\"nofollow noopener\" target=\"_blank\"> Kommenteeri <\/a><a href=\"https:\/\/www.delfi.ee\/artikkel\/120563876\/prahas-asuvat-vene-kultuurikeskust-visati-molotovi-kokteilidega\/kommentaarid\" class=\"article-body-bottom__comment article-body-bottom__comment--read button button--size-auto\" rel=\"nofollow noopener\" target=\"_blank\"> Loe kommentaare <\/a><\/p>\n","protected":false},"excerpt":{"rendered":"T\u0161ehhi politsei teatel juhtunut uuritakse ja kahtlusalust otsitakse. Hoone r\u00fcnnaku k\u00e4igus ei s\u00fcttinud. S\u00fcndmuskohast tehtud piltidel on n\u00e4ha&hellip;\n","protected":false},"author":2,"featured_media":139758,"comment_status":"","ping_status":"","sticky":false,"template":"","format":"standard","meta":{"footnotes":"","_share_on_mastodon":"0"},"categories":[18],"tags":[37,33,35,34,36,7226,159,158,116,96],"class_list":["post-139757","post","type-post","status-publish","format-standard","has-post-thumbnail","category-sport","tag-ee","tag-eesti","tag-eesti-keel","tag-estonia","tag-estonian","tag-praha","tag-sport","tag-sports","tag-tsehhi","tag-venemaa"],"share_on_mastodon":{"url":"https:\/\/pubeurope.com\/@ee\/116303014336960948","error":""},"_links":{"self":[{"href":"https:\/\/www.europesays.com\/ee\/wp-json\/wp\/v2\/posts\/139757","targetHints":{"allow":["GET"]}}],"collection":[{"href":"https:\/\/www.europesays.com\/ee\/wp-json\/wp\/v2\/posts"}],"about":[{"href":"https:\/\/www.europesays.com\/ee\/wp-json\/wp\/v2\/types\/post"}],"author":[{"embeddable":true,"href":"https:\/\/www.europesays.com\/ee\/wp-json\/wp\/v2\/users\/2"}],"replies":[{"embeddable":true,"href":"https:\/\/www.europesays.com\/ee\/wp-json\/wp\/v2\/comments?post=139757"}],"version-history":[{"count":0,"href":"https:\/\/www.europesays.com\/ee\/wp-json\/wp\/v2\/posts\/139757\/revisions"}],"wp:featuredmedia":[{"embeddable":true,"href":"https:\/\/www.europesays.com\/ee\/wp-json\/wp\/v2\/media\/139758"}],"wp:attachment":[{"href":"https:\/\/www.europesays.com\/ee\/wp-json\/wp\/v2\/media?parent=139757"}],"wp:term":[{"taxonomy":"category","embeddable":true,"href":"https:\/\/www.europesays.com\/ee\/wp-json\/wp\/v2\/categories?post=139757"},{"taxonomy":"post_tag","embeddable":true,"href":"https:\/\/www.europesays.com\/ee\/wp-json\/wp\/v2\/tags?post=139757"}],"curies":[{"name":"wp","href":"https:\/\/api.w.org\/{rel}","templated":true}]}}