{"id":139765,"date":"2026-03-27T20:35:12","date_gmt":"2026-03-27T20:35:12","guid":{"rendered":"https:\/\/www.europesays.com\/ee\/139765\/"},"modified":"2026-03-27T20:35:12","modified_gmt":"2026-03-27T20:35:12","slug":"tonis-sildaru-tegi-politseisse-veel-kolm-kuud-tagasi-kuriteoteate-et-kelly-varastas-tema-loodud-facebooki-lehe","status":"publish","type":"post","link":"https:\/\/www.europesays.com\/ee\/139765\/","title":{"rendered":"T\u00f5nis Sildaru tegi politseisse veel kolm kuud tagasi kuriteoteate, et Kelly varastas tema loodud Facebooki lehe"},"content":{"rendered":"<p>M\u00f6\u00f6dunud aasta detsembris tegi T\u00f5nis Sildaru politseisse kuriteoteate, et t\u00fctar Kelly Sildaru on temalt pihta pannud Facebooki konto, mis kannab Kelly Sildaru nime. T\u00f5nise v\u00e4itel kuulub see aga talle, kuna tema selle konto kunagi tegi.<\/p>\n<p>Doktorikraadiga jurist K\u00e4rt Pormeister, kes on Youtube\u2019ist tuntud kui Tavakodanikust Naisterahvas, v\u00f5ttis enda viimases, neljap\u00e4eval avaldatud <a target=\"_blank\" rel=\"noopener noreferrer nofollow\" href=\"https:\/\/www.youtube.com\/watch?v=zrcvaqQS3go\">videos <\/a>ette T\u00f5nis Sildaru.<\/p>\n","protected":false},"excerpt":{"rendered":"M\u00f6\u00f6dunud aasta detsembris tegi T\u00f5nis Sildaru politseisse kuriteoteate, et t\u00fctar Kelly Sildaru on temalt pihta pannud Facebooki konto,&hellip;\n","protected":false},"author":2,"featured_media":139766,"comment_status":"","ping_status":"","sticky":false,"template":"","format":"standard","meta":{"footnotes":"","_share_on_mastodon":"0"},"categories":[18],"tags":[37,33,35,34,36,63644,63650,2722,63645,63651,63652,49155,2720,63656,63649,63653,63647,63643,63655,2886,63657,63648,10094,63646,63660,63654,159,63658,158,63659,2721,55265],"class_list":["post-139765","post","type-post","status-publish","format-standard","has-post-thumbnail","category-sport","tag-ee","tag-eesti","tag-eesti-keel","tag-estonia","tag-estonian","tag-facebooki-fannileht","tag-haldusoigused","tag-henry-sildaru","tag-instagrami-konto","tag-intellektuaalne-omand","tag-jalgijaskond","tag-kart-pormeister","tag-kelly-sildaru","tag-kelly-sildaru-ametlik-fannileht","tag-konto-vargus","tag-kriminaalmenetluse-algatamine","tag-kuriteoteade","tag-madis-sildaru","tag-majanduslik-kasu","tag-meta","tag-perekonnatuli","tag-politseisse-kuriteoteade","tag-prokuratuur","tag-sotsiaalmeedia-kontode-vaidlus","tag-sotsiaalmeediaoigus-eestis","tag-sponsorite-reklaamimine","tag-sport","tag-sportlane-kelly-sildaru","tag-sports","tag-tavakodanikust-naisterahvas","tag-tonis-sildaru","tag-tsiviilkohtumenetlus"],"share_on_mastodon":{"url":"","error":"Validation failed: Text character limit of 500 exceeded"},"_links":{"self":[{"href":"https:\/\/www.europesays.com\/ee\/wp-json\/wp\/v2\/posts\/139765","targetHints":{"allow":["GET"]}}],"collection":[{"href":"https:\/\/www.europesays.com\/ee\/wp-json\/wp\/v2\/posts"}],"about":[{"href":"https:\/\/www.europesays.com\/ee\/wp-json\/wp\/v2\/types\/post"}],"author":[{"embeddable":true,"href":"https:\/\/www.europesays.com\/ee\/wp-json\/wp\/v2\/users\/2"}],"replies":[{"embeddable":true,"href":"https:\/\/www.europesays.com\/ee\/wp-json\/wp\/v2\/comments?post=139765"}],"version-history":[{"count":0,"href":"https:\/\/www.europesays.com\/ee\/wp-json\/wp\/v2\/posts\/139765\/revisions"}],"wp:featuredmedia":[{"embeddable":true,"href":"https:\/\/www.europesays.com\/ee\/wp-json\/wp\/v2\/media\/139766"}],"wp:attachment":[{"href":"https:\/\/www.europesays.com\/ee\/wp-json\/wp\/v2\/media?parent=139765"}],"wp:term":[{"taxonomy":"category","embeddable":true,"href":"https:\/\/www.europesays.com\/ee\/wp-json\/wp\/v2\/categories?post=139765"},{"taxonomy":"post_tag","embeddable":true,"href":"https:\/\/www.europesays.com\/ee\/wp-json\/wp\/v2\/tags?post=139765"}],"curies":[{"name":"wp","href":"https:\/\/api.w.org\/{rel}","templated":true}]}}