{"id":139922,"date":"2026-03-28T02:33:25","date_gmt":"2026-03-28T02:33:25","guid":{"rendered":"https:\/\/www.europesays.com\/ee\/139922\/"},"modified":"2026-03-28T02:33:25","modified_gmt":"2026-03-28T02:33:25","slug":"soome-korgeim-kohus-moistis-rasaneni-vihakones-suudi-valismaa","status":"publish","type":"post","link":"https:\/\/www.europesays.com\/ee\/139922\/","title":{"rendered":"Soome k\u00f5rgeim kohus m\u00f5istis R\u00e4s\u00e4neni vihak\u00f5nes s\u00fc\u00fcdi | V\u00e4lismaa"},"content":{"rendered":"<p>Soome \u00fclemkohus m\u00f5istis neljap\u00e4eval parlamendisaadiku P\u00e4ivi R\u00e4s\u00e4neni vihak\u00f5nes s\u00fc\u00fcdi ning karistas teda rahatrahviga. Kohus leidis, et R\u00e4s\u00e4nen solvas internetis avaldatud artiklis homoseksuaale kui gruppi nende seksuaalse s\u00e4ttumuse alusel.<\/p>\n<p>S\u00fc\u00fcdistused puudutasid kahte R\u00e4s\u00e4neni kirjutist homoseksuaalsuse kohta. S\u00fc\u00fcdim\u00f5istev otsus langetati neist \u00fche kohta.<\/p>\n<p>S\u00fc\u00fcdistus puudutas artiklit, mis kandis pealkirja &#8220;Meheks ja naiseks Tema nad l\u00f5i&#8221;. Samas juhtumis oli s\u00fc\u00fcdistatav ka piiskop Juhana Pohjola, kes oli seotud artikli avaldamisega. Ka Pohjola m\u00f5isteti s\u00fc\u00fcdi ning teda karistati rahatrahviga.\u00a0<\/p>\n<p>R\u00e4s\u00e4nen peab maksma 1800 eurot ja Pohjola 1100 eurot. \u00dclemkohus teatas, et R\u00e4s\u00e4nen ja Pohjola peavad ebaseaduslikuks peetavad osad internetist eemaldama.\u00a0<\/p>\n<p>S\u00fc\u00fcdistuse kohaselt solvas R\u00e4s\u00e4neni artikkel homoseksuaale kui gruppi nende seksuaalse s\u00e4ttumuse alusel. R\u00e4s\u00e4nen v\u00e4itis oma artiklis, et homoseksuaalsus on ps\u00fchhoseksuaalse arengu h\u00e4ire.\u00a0<\/p>\n<p>Ka \u00fclemkohus leidis, et R\u00e4s\u00e4nen solvas internetis avaldatud artiklis homoseksuaale kui gruppi nende seksuaalse s\u00e4ttumuse alusel. \u00dclemkohtu teatel vastasid R\u00e4s\u00e4neni ja Pohjola teod viha\u00f5hutamise kriteeriumidele.\u00a0<\/p>\n<p>\u00dclemkohus ei pidanud aga k\u00f5iki s\u00fc\u00fcdistuses viidatud artikli l\u00f5ike solvavaks. \u00dclemkohus m\u00f5istis R\u00e4s\u00e4neni \u00f5igeks teises s\u00fc\u00fcdistuses, mis puudutas s\u00f5numit, mille ta postitas oma sotsiaalmeedia kontodele.<\/p>\n<p>S\u00fc\u00fcdistus oli seotud tema arvamuse avaldamisega sotsiaalmeedias. Tegemist oli 2019. aastast p\u00e4rit postitusega, kus ta uuris kiriku juhtkonnalt p\u00f5hjuseid, miks viimasest sai saatanliku Pride&#8217;i \u00fcrituse ametlik partner. Oma arvamuse toetamiseks lisas R\u00e4s\u00e4nen toona oma s\u00f5numile pildi piiblitekstidest.\u00a0<\/p>\n<p>Ajaleht <a href=\"https:\/\/www.hs.fi\/suomi\/art-2000011904776.html\" target=\"_blank\" rel=\"noopener nofollow\">Helsingin Sanomat<\/a> kirjutab, et \u00fclemkohtu otsust v\u00f5ib pidada \u00fcllatavaks, kuna alama astme kohtud olid varem m\u00f5istnud R\u00e4s\u00e4neni k\u00f5igis s\u00fc\u00fcdistustes \u00f5igeks.<\/p>\n<p>R\u00e4s\u00e4nen oli aastatel 2004\u20132015 Soome Kristlike Demokraatide partei esimees. Ta oli 24. juunist 2014 kuni 29. maini 2015 Alexander Stubbi valitsuse siseminister ning enne seda oli ta alates 22. juunist 2011 siseminister Jyrki Kataineni valitsuses.<\/p>\n","protected":false},"excerpt":{"rendered":"Soome \u00fclemkohus m\u00f5istis neljap\u00e4eval parlamendisaadiku P\u00e4ivi R\u00e4s\u00e4neni vihak\u00f5nes s\u00fc\u00fcdi ning karistas teda rahatrahviga. Kohus leidis, et R\u00e4s\u00e4nen solvas&hellip;\n","protected":false},"author":2,"featured_media":139923,"comment_status":"","ping_status":"","sticky":false,"template":"","format":"standard","meta":{"footnotes":"","_share_on_mastodon":"0"},"categories":[5],"tags":[26,27,37,33,35,34,36,31,32,21,1752,28,29,19,63704,25,113,23,24,22,20,21239,30],"class_list":["post-139922","post","type-post","status-publish","format-standard","has-post-thumbnail","category-uldised-uudised","tag-breaking-news","tag-breakingnews","tag-ee","tag-eesti","tag-eesti-keel","tag-estonia","tag-estonian","tag-featured-news","tag-featurednews","tag-headlines","tag-kohus","tag-latest-news","tag-latestnews","tag-news","tag-paivi-rasanen","tag-populaarseimad-lood","tag-soome","tag-top-stories","tag-topstories","tag-uldised-uudised","tag-uudised","tag-vihakone","tag-viimased-uudised"],"share_on_mastodon":{"url":"https:\/\/pubeurope.com\/@ee\/116304465243934628","error":""},"_links":{"self":[{"href":"https:\/\/www.europesays.com\/ee\/wp-json\/wp\/v2\/posts\/139922","targetHints":{"allow":["GET"]}}],"collection":[{"href":"https:\/\/www.europesays.com\/ee\/wp-json\/wp\/v2\/posts"}],"about":[{"href":"https:\/\/www.europesays.com\/ee\/wp-json\/wp\/v2\/types\/post"}],"author":[{"embeddable":true,"href":"https:\/\/www.europesays.com\/ee\/wp-json\/wp\/v2\/users\/2"}],"replies":[{"embeddable":true,"href":"https:\/\/www.europesays.com\/ee\/wp-json\/wp\/v2\/comments?post=139922"}],"version-history":[{"count":0,"href":"https:\/\/www.europesays.com\/ee\/wp-json\/wp\/v2\/posts\/139922\/revisions"}],"wp:featuredmedia":[{"embeddable":true,"href":"https:\/\/www.europesays.com\/ee\/wp-json\/wp\/v2\/media\/139923"}],"wp:attachment":[{"href":"https:\/\/www.europesays.com\/ee\/wp-json\/wp\/v2\/media?parent=139922"}],"wp:term":[{"taxonomy":"category","embeddable":true,"href":"https:\/\/www.europesays.com\/ee\/wp-json\/wp\/v2\/categories?post=139922"},{"taxonomy":"post_tag","embeddable":true,"href":"https:\/\/www.europesays.com\/ee\/wp-json\/wp\/v2\/tags?post=139922"}],"curies":[{"name":"wp","href":"https:\/\/api.w.org\/{rel}","templated":true}]}}