{"id":139976,"date":"2026-03-28T06:45:13","date_gmt":"2026-03-28T06:45:13","guid":{"rendered":"https:\/\/www.europesays.com\/ee\/139976\/"},"modified":"2026-03-28T06:45:13","modified_gmt":"2026-03-28T06:45:13","slug":"tartu-tostab-septembrist-koolilouna-hinda","status":"publish","type":"post","link":"https:\/\/www.europesays.com\/ee\/139976\/","title":{"rendered":"Tartu t\u00f5stab septembrist koolil\u00f5una hinda"},"content":{"rendered":"<p>K\u00e4imasoleval \u00f5ppeaastal tuleb lapsevanemal 1.-4. klassi lapse l\u00f5una eest v\u00e4lja k\u00e4ia 0,93 eurot, 5.-9. klassi lapse l\u00f5una eest 1,33 eurot ning g\u00fcmnasistid maksavad 1,84 eurot.<\/p>\n<p>Tartu finantseerimise peaspetsialist Janeli Meristo \u00fctles, et uute koolil\u00f5una hindade kehtestamisel on l\u00e4htutud 2022. aastal paika pandud indekseerimismudelist, kus 50 protsenti tuleneb toidu ja mittealkohoolsete jookide hinnat\u00f5usust ja 50 protsenti alampalga kasvust. <\/p>\n<p class=\"Paragraph SCXW188282383 BCX0\">\u201eTartu linna eesm\u00e4rk on hoida koolil\u00f5una kvaliteeti k\u00f5rgel tasemel ning seet\u00f5ttu tuleb kallinevate toidukaupade keskkonnas igal aastal korrigeerida ka koolil\u00f5una hindu. Koolil\u00f5una hinnad on seega muutunud igal \u00f5ppeaastal ning tegemist ei ole erakorralise t\u00f5usuga,\u201c t\u00f5i ta v\u00e4lja. <\/p>\n<p class=\"Paragraph SCXW188282383 BCX0\">Meristo s\u00f5nul on riigi toetus koolil\u00f5unale (1 euro lapse kohta) on p\u00fcsinud muutumatuna juba aastast 2018. \u201eSelle aja jooksul on toiduainete hinnad kallinenud ca 70 protsenti ja alampalk ca 90 protsenti.\u201c Meristo \u00fctles, et hinnat\u00f5usuga suureneb ka linna panus koolil\u00f5una kulude katmises, ehk t\u00e4iendavalt umbes 14 000 eurot aastas.  <\/p>\n<p class=\"Paragraph SCXW188282383 BCX0\">Ta r\u00e4\u00e4kis, et on kaks p\u00f5hjust miks Tartu pole sarnaselt osadele teistele omavalitsustele <a rel=\"noopener nofollow\" target=\"_blank\" href=\"https:\/\/www.delfi.ee\/teema\/96843326\/koolitoit-1\" tag-id=\"96843326\">koolitoitu<\/a> lapsevanematele tasutaks teinud. \u201eEsiteks on tasuta koolil\u00f5una pakkumine kulukas. Lapsevanematel laekub aastas koolil\u00f5una kulude katteks ligemale 2 miljonit eurot.\u201c <\/p>\n<p class=\"Paragraph SCXW188282383 BCX0\">\u201eTeiseks p\u00f5hjuseks on toidu raiskamise v\u00e4hendamine. Aastaid tagasi, kui koolil\u00f5una oli 1.-4. klassis tasuta, siis lapsevanemad ei m\u00e4rkinud selles vanuser\u00fchmas kuigi agaralt \u00f5pilaste puudumisi. Paraku ei m\u00f5istetud, et sellega soodustatakse \u00fcletootmist ning nii tekib palju toiduj\u00e4\u00e4tmeid. Olukord paranes, kui lapsevanemad osaliselt koolil\u00f5una eest maksa pidid hakkama,\u201c selgitas ta.  <\/p>\n<p class=\"Paragraph SCXW188282383 BCX0\">Meristo t\u00f5i ka v\u00e4lja, et Tartu linn pakub abivajavatele peredele vajadusp\u00f5hist toetust tasuta koolil\u00f5una saamiseks. Igal aastal on ca 1500-1600 \u00f5pilast koolil\u00f5una tasumise eest vabastatud. <\/p>\n<p>Kuidas see lugu Sind end tundma pani? Saada <a href=\"https:\/\/www.delfi.ee\/artikkel\/120563798\/tartu-tostab-septembrist-koolilouna-hinda\/kommentaarid\" class=\"article-body-bottom__comment article-body-bottom__comment--write button button--primary button--size-auto\" rel=\"nofollow noopener\" target=\"_blank\"> Kommenteeri <\/a><a href=\"https:\/\/www.delfi.ee\/artikkel\/120563798\/tartu-tostab-septembrist-koolilouna-hinda\/kommentaarid\" class=\"article-body-bottom__comment article-body-bottom__comment--read button button--size-auto\" rel=\"nofollow noopener\" target=\"_blank\"> Loe kommentaare (34)<\/a><\/p>\n","protected":false},"excerpt":{"rendered":"K\u00e4imasoleval \u00f5ppeaastal tuleb lapsevanemal 1.-4. klassi lapse l\u00f5una eest v\u00e4lja k\u00e4ia 0,93 eurot, 5.-9. klassi lapse l\u00f5una eest&hellip;\n","protected":false},"author":2,"featured_media":139977,"comment_status":"","ping_status":"","sticky":false,"template":"","format":"standard","meta":{"footnotes":"","_share_on_mastodon":"0"},"categories":[12],"tags":[26,27,37,33,35,34,36,31,32,21,8076,28,29,19,25,249,23,24,22,20,30],"class_list":["post-139976","post","type-post","status-publish","format-standard","has-post-thumbnail","category-eesti","tag-breaking-news","tag-breakingnews","tag-ee","tag-eesti","tag-eesti-keel","tag-estonia","tag-estonian","tag-featured-news","tag-featurednews","tag-headlines","tag-koolitoit","tag-latest-news","tag-latestnews","tag-news","tag-populaarseimad-lood","tag-tartu","tag-top-stories","tag-topstories","tag-uldised-uudised","tag-uudised","tag-viimased-uudised"],"share_on_mastodon":{"url":"https:\/\/pubeurope.com\/@ee\/116305456187307126","error":""},"_links":{"self":[{"href":"https:\/\/www.europesays.com\/ee\/wp-json\/wp\/v2\/posts\/139976","targetHints":{"allow":["GET"]}}],"collection":[{"href":"https:\/\/www.europesays.com\/ee\/wp-json\/wp\/v2\/posts"}],"about":[{"href":"https:\/\/www.europesays.com\/ee\/wp-json\/wp\/v2\/types\/post"}],"author":[{"embeddable":true,"href":"https:\/\/www.europesays.com\/ee\/wp-json\/wp\/v2\/users\/2"}],"replies":[{"embeddable":true,"href":"https:\/\/www.europesays.com\/ee\/wp-json\/wp\/v2\/comments?post=139976"}],"version-history":[{"count":0,"href":"https:\/\/www.europesays.com\/ee\/wp-json\/wp\/v2\/posts\/139976\/revisions"}],"wp:featuredmedia":[{"embeddable":true,"href":"https:\/\/www.europesays.com\/ee\/wp-json\/wp\/v2\/media\/139977"}],"wp:attachment":[{"href":"https:\/\/www.europesays.com\/ee\/wp-json\/wp\/v2\/media?parent=139976"}],"wp:term":[{"taxonomy":"category","embeddable":true,"href":"https:\/\/www.europesays.com\/ee\/wp-json\/wp\/v2\/categories?post=139976"},{"taxonomy":"post_tag","embeddable":true,"href":"https:\/\/www.europesays.com\/ee\/wp-json\/wp\/v2\/tags?post=139976"}],"curies":[{"name":"wp","href":"https:\/\/api.w.org\/{rel}","templated":true}]}}