{"id":140089,"date":"2026-03-28T09:38:11","date_gmt":"2026-03-28T09:38:11","guid":{"rendered":"https:\/\/www.europesays.com\/ee\/140089\/"},"modified":"2026-03-28T09:38:11","modified_gmt":"2026-03-28T09:38:11","slug":"miks-kaljulaid-ei-surunud-sildarudel-katt-kanter-see-polnud-kersti-valik","status":"publish","type":"post","link":"https:\/\/www.europesays.com\/ee\/140089\/","title":{"rendered":"Miks Kaljulaid ei surunud Sildarudel k\u00e4tt? Kanter: see polnud Kersti valik"},"content":{"rendered":"<p><a rel=\"noopener nofollow\" target=\"_blank\" href=\"https:\/\/www.delfi.ee\/teema\/33131299\/sydney\" tag-id=\"33131299\">Sydney<\/a> ol\u00fcmpiav\u00f5itja <a rel=\"noopener nofollow\" target=\"_blank\" href=\"https:\/\/www.delfi.ee\/teema\/1286\/erki-nool\" tag-id=\"1286\">Erki Nool<\/a>, kes kuulub EOK t\u00e4itevkomiteesse, k\u00e4is esmasp\u00e4eval k\u00fclas Kanal 2 saates \u201eSilmast silma\u201c ning avaldas seal, et tema hinnangul oli v\u00e4ga piinlik, kui Tallinnas toimus Milano-Cortina ol\u00fcmpia h\u00f5bemedalisti Henry Sildaru t\u00e4nutseremoonia ning Kaljulaid ei surunud seal isegi Henry ja tema treenerist isa <a rel=\"noopener nofollow\" target=\"_blank\" href=\"https:\/\/www.delfi.ee\/teema\/73531141\/tonis-sildaru\" tag-id=\"73531141\">T\u00f5nis Sildaru<\/a> k\u00e4tt.<\/p>\n<p>\u201eMa arvan, et nii madalale ei ole kunagi \u00fckski Eesti ol\u00fcmpiakomitee president ega spordijuht langenud, et pole isegi medalisti v\u00f5imeline \u00f5nnitlema,\u201c s\u00f5nas <a rel=\"noopener follow nofollow\" target=\"_blank\" href=\"https:\/\/sport.delfi.ee\/artikkel\/120448511\/erki-nool-kavatseb-kersti-kaljulaidi-umbusaldamist-toetada-nii-madalale-pole-ukski-spordijuht-langenud\" data-rel-date-range=\"[]\">Nool teravalt.<\/a><\/p>\n<p>Ol\u00fcmpiakomitee asepresident Gerd Kanter andis reedel <a rel=\"noopener nofollow\" target=\"_blank\" href=\"https:\/\/www.delfi.ee\/teema\/56818028\/vikerraadio\" tag-id=\"56818028\">Vikerraadio<\/a> saates \u201eReedene intervjuu\u201c m\u00f5ista, et Kaljulaid ei surunud T\u00f5nise ja Henry k\u00e4tt, kuna nad ise ei soovinud seda.<\/p>\n<p>\u201eSee oli eelnev kokkulepe. Kindlasti Kersti seda teed ei valinud, et ta k\u00e4tt ei suru. Erki on julgete v\u00e4lja\u00fctlemistega. Ja t\u00e4na meil t\u00f5esti allkirjade kogumine k\u00e4ib (<a rel=\"noopener nofollow\" target=\"_blank\" href=\"https:\/\/www.delfi.ee\/teema\/96941527\/heino-marks\" tag-id=\"96941527\">Heino M\u00e4rks<\/a> kogub allkirju EOK erakorralise \u00fcldkogu kokkukutsumiseks, mille eesm\u00e4rk on Kersti Kaljulaid oma kohalt tagandada &#8211; toim). Eks paistab, kuhu see viib. Aga jah, ega meie spordipere t\u00e4na \u00fchte jalga ei k\u00e4i,\u201c r\u00e4\u00e4kis Kanter.<\/p>\n<p><a href=\"http:\/\/sport.delfi.ee\/artikkel\/120448511\/erki-nool-kavatseb-kersti-kaljulaidi-umbusaldamist-toetada-nii-madalale-pole-ukski-spordijuht-langenud#dalrel-in-article\" class=\"content-embedded-articles-single__embedded-article\" data-v-469265ed=\"\" rel=\"nofollow noopener\" target=\"_blank\"><\/p>\n<p> 23.03.2026 <\/p>\n<p> Erki Nool kavatseb Kersti Kaljulaidi umbusaldamist toetada. \u201eNii madalale pole \u00fckski spordijuht langenud\u201c     (286) <\/p>\n<p><\/a>Kuidas see lugu Sind end tundma pani? Saada <a href=\"https:\/\/sport.delfi.ee\/a\/120563852\/kommentaarid\" class=\"article-body-bottom__comment article-body-bottom__comment--write button button--primary button--size-auto\" rel=\"nofollow noopener\" target=\"_blank\"> Kommenteeri <\/a><a href=\"https:\/\/sport.delfi.ee\/a\/120563852\/kommentaarid\" class=\"article-body-bottom__comment article-body-bottom__comment--read button button--size-auto\" rel=\"nofollow noopener\" target=\"_blank\"> Loe kommentaare (87)<\/a><\/p>\n","protected":false},"excerpt":{"rendered":"Sydney ol\u00fcmpiav\u00f5itja Erki Nool, kes kuulub EOK t\u00e4itevkomiteesse, k\u00e4is esmasp\u00e4eval k\u00fclas Kanal 2 saates \u201eSilmast silma\u201c ning avaldas&hellip;\n","protected":false},"author":2,"featured_media":139638,"comment_status":"","ping_status":"","sticky":false,"template":"","format":"standard","meta":{"footnotes":"","_share_on_mastodon":"0"},"categories":[18],"tags":[37,33,35,494,2247,38,34,36,7485,10311,2722,2076,159,158,4250,2721,2511],"class_list":["post-140089","post","type-post","status-publish","format-standard","has-post-thumbnail","category-sport","tag-ee","tag-eesti","tag-eesti-keel","tag-eesti-olumpiakomitee","tag-eok","tag-erki-nool","tag-estonia","tag-estonian","tag-gerd-kanter","tag-heino-marks","tag-henry-sildaru","tag-kersti-kaljulaid","tag-sport","tag-sports","tag-sydney","tag-tonis-sildaru","tag-vikerraadio"],"share_on_mastodon":{"url":"https:\/\/pubeurope.com\/@ee\/116306136448897520","error":""},"_links":{"self":[{"href":"https:\/\/www.europesays.com\/ee\/wp-json\/wp\/v2\/posts\/140089","targetHints":{"allow":["GET"]}}],"collection":[{"href":"https:\/\/www.europesays.com\/ee\/wp-json\/wp\/v2\/posts"}],"about":[{"href":"https:\/\/www.europesays.com\/ee\/wp-json\/wp\/v2\/types\/post"}],"author":[{"embeddable":true,"href":"https:\/\/www.europesays.com\/ee\/wp-json\/wp\/v2\/users\/2"}],"replies":[{"embeddable":true,"href":"https:\/\/www.europesays.com\/ee\/wp-json\/wp\/v2\/comments?post=140089"}],"version-history":[{"count":0,"href":"https:\/\/www.europesays.com\/ee\/wp-json\/wp\/v2\/posts\/140089\/revisions"}],"wp:featuredmedia":[{"embeddable":true,"href":"https:\/\/www.europesays.com\/ee\/wp-json\/wp\/v2\/media\/139638"}],"wp:attachment":[{"href":"https:\/\/www.europesays.com\/ee\/wp-json\/wp\/v2\/media?parent=140089"}],"wp:term":[{"taxonomy":"category","embeddable":true,"href":"https:\/\/www.europesays.com\/ee\/wp-json\/wp\/v2\/categories?post=140089"},{"taxonomy":"post_tag","embeddable":true,"href":"https:\/\/www.europesays.com\/ee\/wp-json\/wp\/v2\/tags?post=140089"}],"curies":[{"name":"wp","href":"https:\/\/api.w.org\/{rel}","templated":true}]}}