{"id":140128,"date":"2026-03-28T10:36:07","date_gmt":"2026-03-28T10:36:07","guid":{"rendered":"https:\/\/www.europesays.com\/ee\/140128\/"},"modified":"2026-03-28T10:36:07","modified_gmt":"2026-03-28T10:36:07","slug":"enne-ja-nuud-esmakordselt-fitnessilavale-astuv-ingrid-mand-mu-mees-on-olnud-suurim-tugi-ja-toetaja-olen-talle-aaretult-tanulik","status":"publish","type":"post","link":"https:\/\/www.europesays.com\/ee\/140128\/","title":{"rendered":"ENNE JA N\u00dc\u00dcD | Esmakordselt fitnessilavale astuv Ingrid M\u00e4nd: mu mees on olnud suurim tugi ja toetaja, olen talle \u00e4\u00e4retult t\u00e4nulik"},"content":{"rendered":"<p><img decoding=\"async\" src=\"https:\/\/www.europesays.com\/ee\/wp-content\/uploads\/2026\/03\/c9e80d72-4dfb-46b5-ac0c-0db9939bb2e2.jpg\" loading=\"lazy\" alt=\"VALMIS V\u00d5ITMA Ingrid M\u00e4nd on teinud korraliku ettevalmistuse, et juba aprilli alguses astuda esimest korda fitmodel\u2019i v\u00f5istluslavale.\"\/><\/p>\n<p>VALMIS V\u00d5ITMA Ingrid M\u00e4nd on teinud korraliku ettevalmistuse, et juba aprilli alguses astuda esimest korda fitmodel\u2019i v\u00f5istluslavale.<\/p>\n<p>FOTO: Tiit Blaat| Delfi Meedia<\/p>\n<p>\u201eMa ei kujuta ette, kuidas see k\u00f5ik p\u00e4riselt v\u00e4lja hakkab n\u00e4gema, sest pole varem \u00fchtegi v\u00f5istlust isegi vaatamas k\u00e4inud, aga kavatsen maksimaalselt nautida k\u00f5ike!\u201c \u00fctleb kosmeetik ja sisulooja <a rel=\"noopener nofollow\" target=\"_blank\" href=\"https:\/\/www.delfi.ee\/teema\/82331917\/ingrid-mand\" tag-id=\"82331917\">Ingrid M\u00e4nd<\/a>, kes astub peagi esimest korda fitnessilavale.<\/p>\n","protected":false},"excerpt":{"rendered":"VALMIS V\u00d5ITMA Ingrid M\u00e4nd on teinud korraliku ettevalmistuse, et juba aprilli alguses astuda esimest korda fitmodel\u2019i v\u00f5istluslavale. FOTO:&hellip;\n","protected":false},"author":2,"featured_media":140129,"comment_status":"","ping_status":"","sticky":false,"template":"","format":"standard","meta":{"footnotes":"","_share_on_mastodon":"0"},"categories":[12],"tags":[26,27,37,33,35,34,36,31,32,21,774,28,29,19,25,23,24,22,20,30],"class_list":["post-140128","post","type-post","status-publish","format-standard","has-post-thumbnail","category-eesti","tag-breaking-news","tag-breakingnews","tag-ee","tag-eesti","tag-eesti-keel","tag-estonia","tag-estonian","tag-featured-news","tag-featurednews","tag-headlines","tag-ingrid-mand","tag-latest-news","tag-latestnews","tag-news","tag-populaarseimad-lood","tag-top-stories","tag-topstories","tag-uldised-uudised","tag-uudised","tag-viimased-uudised"],"share_on_mastodon":{"url":"","error":""},"_links":{"self":[{"href":"https:\/\/www.europesays.com\/ee\/wp-json\/wp\/v2\/posts\/140128","targetHints":{"allow":["GET"]}}],"collection":[{"href":"https:\/\/www.europesays.com\/ee\/wp-json\/wp\/v2\/posts"}],"about":[{"href":"https:\/\/www.europesays.com\/ee\/wp-json\/wp\/v2\/types\/post"}],"author":[{"embeddable":true,"href":"https:\/\/www.europesays.com\/ee\/wp-json\/wp\/v2\/users\/2"}],"replies":[{"embeddable":true,"href":"https:\/\/www.europesays.com\/ee\/wp-json\/wp\/v2\/comments?post=140128"}],"version-history":[{"count":0,"href":"https:\/\/www.europesays.com\/ee\/wp-json\/wp\/v2\/posts\/140128\/revisions"}],"wp:featuredmedia":[{"embeddable":true,"href":"https:\/\/www.europesays.com\/ee\/wp-json\/wp\/v2\/media\/140129"}],"wp:attachment":[{"href":"https:\/\/www.europesays.com\/ee\/wp-json\/wp\/v2\/media?parent=140128"}],"wp:term":[{"taxonomy":"category","embeddable":true,"href":"https:\/\/www.europesays.com\/ee\/wp-json\/wp\/v2\/categories?post=140128"},{"taxonomy":"post_tag","embeddable":true,"href":"https:\/\/www.europesays.com\/ee\/wp-json\/wp\/v2\/tags?post=140128"}],"curies":[{"name":"wp","href":"https:\/\/api.w.org\/{rel}","templated":true}]}}