{"id":140458,"date":"2026-03-28T20:28:21","date_gmt":"2026-03-28T20:28:21","guid":{"rendered":"https:\/\/www.europesays.com\/ee\/140458\/"},"modified":"2026-03-28T20:28:21","modified_gmt":"2026-03-28T20:28:21","slug":"saarma-naasis-ligi-kahekuuliselt-vigastuspausilt-valjakule-soccernet-ee","status":"publish","type":"post","link":"https:\/\/www.europesays.com\/ee\/140458\/","title":{"rendered":"Saarma naasis ligi kahekuuliselt vigastuspausilt v\u00e4ljakule &#8211; Soccernet.ee"},"content":{"rendered":"<p><img decoding=\"async\" src=\"https:\/\/www.europesays.com\/ee\/wp-content\/uploads\/2026\/03\/1774623339.jpeg\" alt=\"Robi Saarma. Foto: Liisi Troska \/ jalgpall.ee\"\/>&#13;\n<\/p>\n<p>Enne t\u00e4nast viimati 1. veebruaril v\u00f5istlusv\u00e4ljakule jooksnud Robi Saarma l\u00f5petas n\u00fc\u00fcd vaagnapiirkonna p\u00f5letiku t\u00f5ttu tekkinud vigastuspausi.<\/p>\n<p>Saarma tegi t\u00e4nases s\u00f5prusm\u00e4ngus kaasa teise poolaja. Tema koduklubi Pardubice (T\u0161ehhi k\u00f5rgliiga) ning Libereci Slovani (T\u0161ehhi k\u00f5rgliiga) kohtumises oli avapoolaeg j\u00e4\u00e4nud 1:1 viiki, Pardubice kaotas l\u00f5puks kohtumise 1:2.&#13;\n<\/p>\n<p>Vlasi Sinjavski tegi samuti s\u00f5prusm\u00e4ngus kaasa teise poolaja, kui tema leivaisa Ostrava Banik (T\u0161ehhi k\u00f5rgliiga) kohtus Opole Odraga (Poola esiliiga). Banik v\u00f5itis 2:0, m\u00f5lemal kolmveerandtunnil l\u00f6\u00f6di \u00fcks v\u00e4rav.&#13;\n<\/p>\n<p>V\u00e4ravavaht Matvei Igonen kuulus Degerforsi (Rootsi k\u00f5rgliiga) p\u00f5hikoosseisu, kui Degerfors v\u00f5itis s\u00f5prusm\u00e4ngus Norrk\u00f6pingit (Rootsi esiliiga) 3:1.<\/p>\n","protected":false},"excerpt":{"rendered":"&#13; Enne t\u00e4nast viimati 1. veebruaril v\u00f5istlusv\u00e4ljakule jooksnud Robi Saarma l\u00f5petas n\u00fc\u00fcd vaagnapiirkonna p\u00f5letiku t\u00f5ttu tekkinud vigastuspausi. Saarma&hellip;\n","protected":false},"author":2,"featured_media":140459,"comment_status":"","ping_status":"","sticky":false,"template":"","format":"standard","meta":{"footnotes":"","_share_on_mastodon":"0"},"categories":[18],"tags":[32408,5137,37,33,35,34,36,5139,64165,1633,27392,64166,64167,32413,5354,4766,4767,1731,53091,159,158,1733],"class_list":["post-140458","post","type-post","status-publish","format-standard","has-post-thumbnail","category-sport","tag-banik","tag-degerfors","tag-ee","tag-eesti","tag-eesti-keel","tag-estonia","tag-estonian","tag-igonen","tag-libereci-slovan","tag-matvei-igonen","tag-norrkoping","tag-odra","tag-opole-odra","tag-ostrava-banik","tag-pardubice","tag-robi-saarma","tag-saarma","tag-sinjavski","tag-slovan","tag-sport","tag-sports","tag-vlasi-sinjavski"],"share_on_mastodon":{"url":"https:\/\/pubeurope.com\/@ee\/116308692553603971","error":""},"_links":{"self":[{"href":"https:\/\/www.europesays.com\/ee\/wp-json\/wp\/v2\/posts\/140458","targetHints":{"allow":["GET"]}}],"collection":[{"href":"https:\/\/www.europesays.com\/ee\/wp-json\/wp\/v2\/posts"}],"about":[{"href":"https:\/\/www.europesays.com\/ee\/wp-json\/wp\/v2\/types\/post"}],"author":[{"embeddable":true,"href":"https:\/\/www.europesays.com\/ee\/wp-json\/wp\/v2\/users\/2"}],"replies":[{"embeddable":true,"href":"https:\/\/www.europesays.com\/ee\/wp-json\/wp\/v2\/comments?post=140458"}],"version-history":[{"count":0,"href":"https:\/\/www.europesays.com\/ee\/wp-json\/wp\/v2\/posts\/140458\/revisions"}],"wp:featuredmedia":[{"embeddable":true,"href":"https:\/\/www.europesays.com\/ee\/wp-json\/wp\/v2\/media\/140459"}],"wp:attachment":[{"href":"https:\/\/www.europesays.com\/ee\/wp-json\/wp\/v2\/media?parent=140458"}],"wp:term":[{"taxonomy":"category","embeddable":true,"href":"https:\/\/www.europesays.com\/ee\/wp-json\/wp\/v2\/categories?post=140458"},{"taxonomy":"post_tag","embeddable":true,"href":"https:\/\/www.europesays.com\/ee\/wp-json\/wp\/v2\/tags?post=140458"}],"curies":[{"name":"wp","href":"https:\/\/api.w.org\/{rel}","templated":true}]}}