{"id":140486,"date":"2026-03-28T21:25:06","date_gmt":"2026-03-28T21:25:06","guid":{"rendered":"https:\/\/www.europesays.com\/ee\/140486\/"},"modified":"2026-03-28T21:25:06","modified_gmt":"2026-03-28T21:25:06","slug":"macron-hoiatab-iraagi-tombamise-eest-lahis-ida-pingestuvasse-sotta","status":"publish","type":"post","link":"https:\/\/www.europesays.com\/ee\/140486\/","title":{"rendered":"Macron hoiatab Iraagi t\u00f5mbamise eest L\u00e4his-Ida pingestuvasse s\u00f5tta"},"content":{"rendered":"<p>Iraagi sattumise v\u00e4ltimiseks \u00fcha pingestuvamasse L\u00e4his-Ida s\u00f5tta tuleb teha k\u00f5ik, \u00fctles Prantsusmaa president Emmanuel Macron laup\u00e4eval p\u00e4rast k\u00f5nelusi riigi autonoomse Kurdistani piirkonna juhiga.<\/p>\n<p class=\"Paragraph SCXW142776834 BCX0\">Macron tegi oma postituse sotsiaalmeediaplatvormil X (endine Twitter) p\u00e4rast P\u00f5hja-Iraagis aset leidnud ohvritega r\u00fcnnakut endise pools\u00f5jav\u00e4elise r\u00fchmituse Rahva Mobilisatsioonij\u00f5ud (PMF) vastu.<\/p>\n","protected":false},"excerpt":{"rendered":"Iraagi sattumise v\u00e4ltimiseks \u00fcha pingestuvamasse L\u00e4his-Ida s\u00f5tta tuleb teha k\u00f5ik, \u00fctles Prantsusmaa president Emmanuel Macron laup\u00e4eval p\u00e4rast k\u00f5nelusi&hellip;\n","protected":false},"author":2,"featured_media":140487,"comment_status":"","ping_status":"","sticky":false,"template":"","format":"standard","meta":{"footnotes":"","_share_on_mastodon":"0"},"categories":[80],"tags":[26,27,37,33,35,2194,34,36,31,32,21,4882,28,29,95,19,25,23,24,22,20,30,92,93,94],"class_list":["post-140486","post","type-post","status-publish","format-standard","has-post-thumbnail","category-maailm","tag-breaking-news","tag-breakingnews","tag-ee","tag-eesti","tag-eesti-keel","tag-emmanuel-macron","tag-estonia","tag-estonian","tag-featured-news","tag-featurednews","tag-headlines","tag-iraak","tag-latest-news","tag-latestnews","tag-maailm","tag-news","tag-populaarseimad-lood","tag-top-stories","tag-topstories","tag-uldised-uudised","tag-uudised","tag-viimased-uudised","tag-world","tag-world-news","tag-worldnews"],"share_on_mastodon":{"url":"https:\/\/pubeurope.com\/@ee\/116308916479064852","error":""},"_links":{"self":[{"href":"https:\/\/www.europesays.com\/ee\/wp-json\/wp\/v2\/posts\/140486","targetHints":{"allow":["GET"]}}],"collection":[{"href":"https:\/\/www.europesays.com\/ee\/wp-json\/wp\/v2\/posts"}],"about":[{"href":"https:\/\/www.europesays.com\/ee\/wp-json\/wp\/v2\/types\/post"}],"author":[{"embeddable":true,"href":"https:\/\/www.europesays.com\/ee\/wp-json\/wp\/v2\/users\/2"}],"replies":[{"embeddable":true,"href":"https:\/\/www.europesays.com\/ee\/wp-json\/wp\/v2\/comments?post=140486"}],"version-history":[{"count":0,"href":"https:\/\/www.europesays.com\/ee\/wp-json\/wp\/v2\/posts\/140486\/revisions"}],"wp:featuredmedia":[{"embeddable":true,"href":"https:\/\/www.europesays.com\/ee\/wp-json\/wp\/v2\/media\/140487"}],"wp:attachment":[{"href":"https:\/\/www.europesays.com\/ee\/wp-json\/wp\/v2\/media?parent=140486"}],"wp:term":[{"taxonomy":"category","embeddable":true,"href":"https:\/\/www.europesays.com\/ee\/wp-json\/wp\/v2\/categories?post=140486"},{"taxonomy":"post_tag","embeddable":true,"href":"https:\/\/www.europesays.com\/ee\/wp-json\/wp\/v2\/tags?post=140486"}],"curies":[{"name":"wp","href":"https:\/\/api.w.org\/{rel}","templated":true}]}}