{"id":140737,"date":"2026-03-29T09:12:07","date_gmt":"2026-03-29T09:12:07","guid":{"rendered":"https:\/\/www.europesays.com\/ee\/140737\/"},"modified":"2026-03-29T09:12:07","modified_gmt":"2026-03-29T09:12:07","slug":"britt-tegi-ranga-avarii-antonellist-sai-ajaloo-noorim-mm-sarja-liider","status":"publish","type":"post","link":"https:\/\/www.europesays.com\/ee\/140737\/","title":{"rendered":"britt tegi r\u00e4nga avarii, Antonellist sai ajaloo noorim MM-sarja liider"},"content":{"rendered":"<p>Parimalt kohalt startinud itaallane alustas s\u00f5itu aeglaselt ja langes esikuuiku l\u00f5ppu. 22. ringil tegi Haasi s\u00f5ita Oliver Bearman r\u00e4nga avarii, kui proovis m\u00f6\u00f6duda Franco Colapintost (Alpine), kuid kaotas masina \u00fcle kontrolli ja s\u00f5itis vastu seina. Briti vormeli\u00e4ss k\u00f5ndis masina juurest minema longates, kuid hiljem teatas tiim, et Bearmaniga on k\u00f5ik korras.<\/p>\n","protected":false},"excerpt":{"rendered":"Parimalt kohalt startinud itaallane alustas s\u00f5itu aeglaselt ja langes esikuuiku l\u00f5ppu. 22. ringil tegi Haasi s\u00f5ita Oliver Bearman&hellip;\n","protected":false},"author":2,"featured_media":140738,"comment_status":"","ping_status":"","sticky":false,"template":"","format":"standard","meta":{"footnotes":"","_share_on_mastodon":"0"},"categories":[5],"tags":[26,27,4488,37,33,35,34,36,31,32,1165,1956,21,63444,19344,1577,28,29,19,15000,1579,25,23,24,22,20,30],"class_list":["post-140737","post","type-post","status-publish","format-standard","has-post-thumbnail","category-uldised-uudised","tag-breaking-news","tag-breakingnews","tag-charles-leclerc","tag-ee","tag-eesti","tag-eesti-keel","tag-estonia","tag-estonian","tag-featured-news","tag-featurednews","tag-franco-colapinto","tag-george-russell","tag-headlines","tag-jaapani-gp","tag-kimi-antonelli","tag-lando-norris","tag-latest-news","tag-latestnews","tag-news","tag-oliver-bearman","tag-oscar-piastri","tag-populaarseimad-lood","tag-top-stories","tag-topstories","tag-uldised-uudised","tag-uudised","tag-viimased-uudised"],"share_on_mastodon":{"url":"https:\/\/pubeurope.com\/@ee\/116311696553686590","error":""},"_links":{"self":[{"href":"https:\/\/www.europesays.com\/ee\/wp-json\/wp\/v2\/posts\/140737","targetHints":{"allow":["GET"]}}],"collection":[{"href":"https:\/\/www.europesays.com\/ee\/wp-json\/wp\/v2\/posts"}],"about":[{"href":"https:\/\/www.europesays.com\/ee\/wp-json\/wp\/v2\/types\/post"}],"author":[{"embeddable":true,"href":"https:\/\/www.europesays.com\/ee\/wp-json\/wp\/v2\/users\/2"}],"replies":[{"embeddable":true,"href":"https:\/\/www.europesays.com\/ee\/wp-json\/wp\/v2\/comments?post=140737"}],"version-history":[{"count":0,"href":"https:\/\/www.europesays.com\/ee\/wp-json\/wp\/v2\/posts\/140737\/revisions"}],"wp:featuredmedia":[{"embeddable":true,"href":"https:\/\/www.europesays.com\/ee\/wp-json\/wp\/v2\/media\/140738"}],"wp:attachment":[{"href":"https:\/\/www.europesays.com\/ee\/wp-json\/wp\/v2\/media?parent=140737"}],"wp:term":[{"taxonomy":"category","embeddable":true,"href":"https:\/\/www.europesays.com\/ee\/wp-json\/wp\/v2\/categories?post=140737"},{"taxonomy":"post_tag","embeddable":true,"href":"https:\/\/www.europesays.com\/ee\/wp-json\/wp\/v2\/tags?post=140737"}],"curies":[{"name":"wp","href":"https:\/\/api.w.org\/{rel}","templated":true}]}}