{"id":14075,"date":"2025-10-07T21:21:08","date_gmt":"2025-10-07T21:21:08","guid":{"rendered":"https:\/\/www.europesays.com\/ee\/14075\/"},"modified":"2025-10-07T21:21:08","modified_gmt":"2025-10-07T21:21:08","slug":"postimees-ukrainas-%e2%9f%a9-tuleb-uks-suur-paastmine-kui-vene-vaed-ei-peatu-maailm-postimees-ee","status":"publish","type":"post","link":"https:\/\/www.europesays.com\/ee\/14075\/","title":{"rendered":"POSTIMEES UKRAINAS \u27e9 Tuleb \u00fcks suur p\u00e4\u00e4stmine, kui Vene v\u00e4ed ei peatu &#8211; Maailm &#8211; Postimees.ee"},"content":{"rendered":"<ol>\n<li><a href=\"https:\/\/news.google.com\/rss\/articles\/CBMipAFBVV95cUxQSkstQnkxcXNwa3RCbjRXLTBzell6TnBXeW53WUMwWE9tMmpfVDd3dXl5cVo2cVNQdWVuN0RQS29TcE8xdjI0Z1U3RTlOYmMwb3FTZkFKWWxuR2RtRWljelk4N2FLM0JuMzFYLWVha0diN1R3NVRTZF9SZm9PTUowR0daTDYtSkJ1NmtEcUZzbmZUNXV6QmtUZzhjMFVLcXo3Y190MA?oc=5\" target=\"_blank\" rel=\"nofollow noopener\">POSTIMEES UKRAINAS \u27e9 Tuleb \u00fcks suur p\u00e4\u00e4stmine, kui Vene v\u00e4ed ei peatu<\/a>&nbsp;&nbsp;Maailm &#8211; Postimees.ee<\/li>\n<li><a href=\"https:\/\/news.google.com\/rss\/articles\/CBMisAFBVV95cUxQeUNvVUItbVI2THprbkl2TXUxb1gwZVo5ZzRQQnNiMWhWM05ERUk2MV9tSnYyNGo0V0xvYW9fb3pGWEwyNkFCLVowaWdVa2tsanVYTjc1V3BrbmJuN1FaQU1CZkNpbHFXWFNBQ2F0akw3UnRyWjVzdWRBaHpadk9YU2w1QjhOQXh6aTFmOHRvMnpRTVFFeEV0UVkxTHlNNDkyQ2xiUF9OOU1Bd0xxVUVfTw?oc=5\" target=\"_blank\" rel=\"nofollow noopener\">S\u00f5ja \u00fclevaade: 1322. p\u00e4ev &#8211; esimene venelaste suurema soomusgrupiga r\u00fcndamine eba\u00f5nnestus<\/a>&nbsp;&nbsp;L\u00f5unaeestlane<\/li>\n<li><a href=\"https:\/\/news.google.com\/rss\/articles\/CBMigAFBVV95cUxPaW1WZ25CODR1aWRmM1BwazdLc0RpTlBxTHBoWmtWQmxkbm5aSkR5QUNINnVZYVplX2JieFd4QS0yUTJvNUlucmdnOVFGVEhvOXVRYmR4a1FUM3A0MTZDa3FRMHVyVkxXc3BLc0NfcExMdlIxNDQ1UERtWklVODJWLQ?oc=5\" target=\"_blank\" rel=\"nofollow noopener\">Ukraina gaasitaristut tabas seni suurim r\u00fcnnak<\/a>&nbsp;&nbsp;eestinen<\/li>\n<li><a href=\"https:\/\/news.google.com\/rss\/articles\/CBMizgFBVV95cUxPZ0xqb2Q4Y0pRaFRGQzg4dEFnUGEyMUc4aDRyeEtDMU5Xb0MtblBhWHdRSDRvRnJpMWNuTXR4a0tfTmJsS2pFWDFNLXFvMU54MzRZTy04U1U3MlNJY1VqcDRMWG9fSTJYZzZKTHcwNkNpQ2tLS1BFRjFVeGpWY0lxVEtqeE85WjlGYV9UM2oxZWtzZTlaNS1LNE51RzZweWNCcTRUeTVwcC1nR28zVkw2cTdXRHJLeTNnaGxXdmZnN2M4QnJXUXNheHdoSEVDZw?oc=5\" target=\"_blank\" rel=\"nofollow noopener\">Venemaa droonir\u00fcnnaku k\u00e4igus sai tabamuse Ukraina reisirong, vigastada sai v\u00e4hemalt 30 inimest<\/a>&nbsp;&nbsp;Delfi<\/li>\n<li><a href=\"https:\/\/news.google.com\/rss\/articles\/CBMifEFVX3lxTE5yX3hPUFRqcjdtcENLcWt3Nk9OQUxlZkItNTFkTDlrUjc3MFdob1pNeXByTWkyMEViYi1LcFpSNXR6aGdULUo2YmRGZG9jaEFmaHlFSDlqaHZFeUJ0RUs5RmZsT0gwSC1UM1VGdjdvaU9wWTEyUmxQdDNSaEg?oc=5\" target=\"_blank\" rel=\"nofollow noopener\">S\u00f5ja \u00fclevaade: 1321. p\u00e4ev \u2013 rindejoonel muutusteta<\/a>&nbsp;&nbsp;L\u00f5unaeestlane<\/li>\n<\/ol>\n","protected":false},"excerpt":{"rendered":"POSTIMEES UKRAINAS \u27e9 Tuleb \u00fcks suur p\u00e4\u00e4stmine, kui Vene v\u00e4ed ei peatu&nbsp;&nbsp;Maailm &#8211; Postimees.ee S\u00f5ja \u00fclevaade: 1322. p\u00e4ev&hellip;\n","protected":false},"author":2,"featured_media":14076,"comment_status":"","ping_status":"","sticky":false,"template":"","format":"standard","meta":{"footnotes":"","_share_on_mastodon":"0"},"categories":[80],"tags":[26,27,9159,37,33,35,34,36,9162,31,32,21,7688,8851,28,29,95,19,25,6912,9158,9161,23,24,22,20,9160,30,92,93,94],"class_list":["post-14075","post","type-post","status-publish","format-standard","has-post-thumbnail","category-maailm","tag-breaking-news","tag-breakingnews","tag-druzkivka","tag-ee","tag-eesti","tag-eesti-keel","tag-estonia","tag-estonian","tag-evakueerimine","tag-featured-news","tag-featurednews","tag-headlines","tag-kostjantonivka","tag-kramatorsk","tag-latest-news","tag-latestnews","tag-maailm","tag-news","tag-populaarseimad-lood","tag-rindejoon","tag-slovjansk","tag-sojapoenikud","tag-top-stories","tag-topstories","tag-uldised-uudised","tag-uudised","tag-vene-droon","tag-viimased-uudised","tag-world","tag-world-news","tag-worldnews"],"share_on_mastodon":{"url":"","error":""},"_links":{"self":[{"href":"https:\/\/www.europesays.com\/ee\/wp-json\/wp\/v2\/posts\/14075","targetHints":{"allow":["GET"]}}],"collection":[{"href":"https:\/\/www.europesays.com\/ee\/wp-json\/wp\/v2\/posts"}],"about":[{"href":"https:\/\/www.europesays.com\/ee\/wp-json\/wp\/v2\/types\/post"}],"author":[{"embeddable":true,"href":"https:\/\/www.europesays.com\/ee\/wp-json\/wp\/v2\/users\/2"}],"replies":[{"embeddable":true,"href":"https:\/\/www.europesays.com\/ee\/wp-json\/wp\/v2\/comments?post=14075"}],"version-history":[{"count":0,"href":"https:\/\/www.europesays.com\/ee\/wp-json\/wp\/v2\/posts\/14075\/revisions"}],"wp:featuredmedia":[{"embeddable":true,"href":"https:\/\/www.europesays.com\/ee\/wp-json\/wp\/v2\/media\/14076"}],"wp:attachment":[{"href":"https:\/\/www.europesays.com\/ee\/wp-json\/wp\/v2\/media?parent=14075"}],"wp:term":[{"taxonomy":"category","embeddable":true,"href":"https:\/\/www.europesays.com\/ee\/wp-json\/wp\/v2\/categories?post=14075"},{"taxonomy":"post_tag","embeddable":true,"href":"https:\/\/www.europesays.com\/ee\/wp-json\/wp\/v2\/tags?post=14075"}],"curies":[{"name":"wp","href":"https:\/\/api.w.org\/{rel}","templated":true}]}}