{"id":140761,"date":"2026-03-29T09:56:08","date_gmt":"2026-03-29T09:56:08","guid":{"rendered":"https:\/\/www.europesays.com\/ee\/140761\/"},"modified":"2026-03-29T09:56:08","modified_gmt":"2026-03-29T09:56:08","slug":"eestis-ei-suudeta-piisavalt-kiiresti-tehisarueksperte-koolitada-mis-pidurdab-majanduskasvu","status":"publish","type":"post","link":"https:\/\/www.europesays.com\/ee\/140761\/","title":{"rendered":"Eestis ei suudeta piisavalt kiiresti tehisarueksperte koolitada, mis pidurdab majanduskasvu"},"content":{"rendered":"<p>Kutsekoja OSKA uuringujuht Urve Metsa t\u00f5deb, et  <a rel=\"noopener nofollow\" target=\"_blank\" href=\"https:\/\/www.delfi.ee\/teema\/96850896\/ai-1\" tag-id=\"96850896\">AI<\/a> ja k\u00fcberturbe tippspetsialistide puudus on Eestis selgelt olemas ja see pole ajutine n\u00e4htus. \u201eOSKA hinnangul on tegemist struktuurse ja pikaajalise t\u00f6\u00f6j\u00f5upuudusega, mis on seotud majanduse \u00fcldise digitaliseerimisega,\u201c selgitab Mets.<\/p>\n<p>P\u00f5hiline probleem seisneb selles, et spetsialiste ei otsi enam ainult IT-sektor. Peaaegu k\u00f5ik majandusvaldkonnad t\u00f6\u00f6stusest finantssektorini vajavad AI-lahendusi ja k\u00fcberturvet. AI on liikunud katsetamisfaasist igap\u00e4evasesse kasutusse ning ettev\u00f5tted ei k\u00fcsi enam, kas, vaid kuidas <a rel=\"noopener nofollow\" target=\"_blank\" href=\"https:\/\/www.delfi.ee\/teema\/96849792\/tehisintellekt-1\" tag-id=\"96849792\">tehisintellekti<\/a> rakendada.<\/p>\n<p>Oled juba tellija?Logi sisse<\/p>\n<p><a href=\"https:\/\/arileht.delfi.ee\/artikkel\/120549045\/eestis-ei-suudeta-piisavalt-kiiresti-tehisarueksperte-koolitada-mis-pidurdab-majanduskasvu\/kommentaarid\" class=\"article-body-bottom__comment article-body-bottom__comment--write button button--primary button--size-auto\" rel=\"nofollow noopener\" target=\"_blank\"> Kommenteeri <\/a><a href=\"https:\/\/arileht.delfi.ee\/artikkel\/120549045\/eestis-ei-suudeta-piisavalt-kiiresti-tehisarueksperte-koolitada-mis-pidurdab-majanduskasvu\/kommentaarid\" class=\"article-body-bottom__comment article-body-bottom__comment--read button button--size-auto\" rel=\"nofollow noopener\" target=\"_blank\"> Loe kommentaare (90)<\/a><\/p>\n","protected":false},"excerpt":{"rendered":"Kutsekoja OSKA uuringujuht Urve Metsa t\u00f5deb, et AI ja k\u00fcberturbe tippspetsialistide puudus on Eestis selgelt olemas ja see&hellip;\n","protected":false},"author":2,"featured_media":140762,"comment_status":"","ping_status":"","sticky":false,"template":"","format":"standard","meta":{"footnotes":"","_share_on_mastodon":"0"},"categories":[5],"tags":[375,26,27,37,33,35,34,36,31,32,10682,21,64347,3462,401,28,29,19,25,373,23,24,22,20,981,30],"class_list":["post-140761","post","type-post","status-publish","format-standard","has-post-thumbnail","category-uldised-uudised","tag-ai","tag-breaking-news","tag-breakingnews","tag-ee","tag-eesti","tag-eesti-keel","tag-estonia","tag-estonian","tag-featured-news","tag-featurednews","tag-haridussusteem","tag-headlines","tag-it-sekor","tag-itl","tag-kuberturvalisus","tag-latest-news","tag-latestnews","tag-news","tag-populaarseimad-lood","tag-tehisintellekt","tag-top-stories","tag-topstories","tag-uldised-uudised","tag-uudised","tag-valistoojoud","tag-viimased-uudised"],"share_on_mastodon":{"url":"","error":""},"_links":{"self":[{"href":"https:\/\/www.europesays.com\/ee\/wp-json\/wp\/v2\/posts\/140761","targetHints":{"allow":["GET"]}}],"collection":[{"href":"https:\/\/www.europesays.com\/ee\/wp-json\/wp\/v2\/posts"}],"about":[{"href":"https:\/\/www.europesays.com\/ee\/wp-json\/wp\/v2\/types\/post"}],"author":[{"embeddable":true,"href":"https:\/\/www.europesays.com\/ee\/wp-json\/wp\/v2\/users\/2"}],"replies":[{"embeddable":true,"href":"https:\/\/www.europesays.com\/ee\/wp-json\/wp\/v2\/comments?post=140761"}],"version-history":[{"count":0,"href":"https:\/\/www.europesays.com\/ee\/wp-json\/wp\/v2\/posts\/140761\/revisions"}],"wp:featuredmedia":[{"embeddable":true,"href":"https:\/\/www.europesays.com\/ee\/wp-json\/wp\/v2\/media\/140762"}],"wp:attachment":[{"href":"https:\/\/www.europesays.com\/ee\/wp-json\/wp\/v2\/media?parent=140761"}],"wp:term":[{"taxonomy":"category","embeddable":true,"href":"https:\/\/www.europesays.com\/ee\/wp-json\/wp\/v2\/categories?post=140761"},{"taxonomy":"post_tag","embeddable":true,"href":"https:\/\/www.europesays.com\/ee\/wp-json\/wp\/v2\/tags?post=140761"}],"curies":[{"name":"wp","href":"https:\/\/api.w.org\/{rel}","templated":true}]}}