{"id":140767,"date":"2026-03-29T10:04:07","date_gmt":"2026-03-29T10:04:07","guid":{"rendered":"https:\/\/www.europesays.com\/ee\/140767\/"},"modified":"2026-03-29T10:04:07","modified_gmt":"2026-03-29T10:04:07","slug":"naftahiidude-juhid-loovad-hairekella-euroopat-ahvardab-aprillis-kutuse-nappus","status":"publish","type":"post","link":"https:\/\/www.europesays.com\/ee\/140767\/","title":{"rendered":"Naftahiidude juhid l\u00f6\u00f6vad h\u00e4irekella: Euroopat \u00e4hvardab aprillis k\u00fctuse nappus"},"content":{"rendered":"<p>Shelli tegevjuht Wael Sawan \u00fctles, et k\u00fctuse tarneahel on t\u00f5siselt h\u00e4iritud. Lennukik\u00fctuse varud on juba praegu t\u00f5siselt pihta saanud, j\u00e4rgmisena tabab puudus diislit ja seej\u00e4rel bensiini. Sawani s\u00f5nul m\u00f5jutab naftatoodete f\u00fc\u00fcsiline nappus praegu enim Aasiat, kuid peaks aprillis kanduma \u00fcha enam ka Euroopasse, vahendab <a rel=\"noopener follow nofollow\" target=\"_blank\" href=\"https:\/\/www.cnbc.com\/2026\/03\/28\/iran-war-oil-companies-price-gas-diesel-strait-hormuz.html\" data-rel-date-range=\"[]\">CNBC<\/a>. <\/p>\n<p>\u201eMeie kliendid vajavad molekule ja elektrone,\u201c \u00fctles Sawan. \u201eHuvitav on lugeda jutte hindadest ja muust, kuid oluline on f\u00fc\u00fcsiline voog.\u201c<\/p>\n<p>Iraan on <a rel=\"noopener nofollow\" target=\"_blank\" href=\"https:\/\/www.delfi.ee\/teema\/96870700\/hormuzi-vain\" tag-id=\"96870700\">Hormuzi v\u00e4ina<\/a> sulgemisega kehtestanud L\u00e4his-Ida naftatootjatele sisuliselt majandusblokaadi, r\u00e4\u00e4kis konverentsil Kuveidi riikliku naftafirma Kuwait Petroleum juht \u0161eik Nawaf al-Sabah.<\/p>\n<p>\u201eSee ei ole r\u00fcnnak ainult P\u00e4rsia lahe riikide vastu. See hoiab kogu maailma majandust pantvangis,\u201c \u00fctles al-Sabah. \u201eSelle s\u00f5ja kulud ei j\u00e4\u00e4 geograafiliste piiride sisse. Need ulatuvad l\u00e4bi kogu tarneahela.\u201c<\/p>\n<p>Anal\u00fc\u00fctik Paul Sankey s\u00f5nul on tegemist halvima nafta\u0161okiga alates 1973. aasta araabia naftaembargost. \u201eOleme de facto olukorras, kus iraanlased kontrollivad v\u00e4ina,\u201c \u00fctles Sankey. \u201eSeega on olukord \u00e4\u00e4rmiselt t\u00f5sine.\u201c<\/p>\n<p>Hinnad on kolme aasta k\u00f5rgeimal tasemel<\/p>\n<p>Naftahinnad l\u00f5petasid n\u00e4dala enam kui kolme aasta k\u00f5rgeimal tasemel. USA toornafta hind on alates 28. veebruarist, mil USA ja Iisrael r\u00fcndasid Iraani, t\u00f5usnud 49 protsenti 99,64 dollarini barrelist. Rahvusvaheline v\u00f5rdlusindeks <a rel=\"noopener nofollow\" target=\"_blank\" href=\"https:\/\/www.delfi.ee\/teema\/74719237\/brent\" tag-id=\"74719237\">Brent<\/a>, mis kujundab postihindu ka Eesti tanklates, on kerkinud \u00fcle 55 protsendi 112,57 dollarini barrelist.<\/p>\n<p>USA naftahiiu Chevron tegevjuht Mike Wirth \u00fctles, et nafta f\u00fc\u00fcsiline pakkumine on oluliselt napim, kui futuuriturg n\u00e4itab. \u201eHormuzi v\u00e4ina sulgemise reaalsed, f\u00fc\u00fcsilised tagaj\u00e4rjed liiguvad praegu l\u00e4bi kogu s\u00fcsteemi ja ma ei usu, et need on naftafutuuride hindadesse t\u00e4ielikult arvestatud,\u201c \u00fctles Wirth.<\/p>\n<p>ConocoPhillipsi tegevjuht Ryan Lance lisas, et isegi kui s\u00f5da peaks saama kiire l\u00f5pu, ei tasu l\u00e4hiajal oodata hindade langemist s\u00f5jaeelsele tasemele. P\u00e4rsia lahe riikide tootmise t\u00e4ielik taastamine v\u00f5tab kolm kuni neli kuud, kuna suletud v\u00e4ina t\u00f5ttu on nad pidanud tootmis\u00fcksusi sulgema, selgitas Kuveidi naftafirma juht al-Sabah.<\/p>\n<p>TotalEnergiesi tegevjuht Patrick Pouyann\u00e9 t\u00f5i v\u00e4lja, et toornaftast kiiremini on kallinenud l\u00f5pptoodete hinnad: lennukik\u00fctuse hind on t\u00f5usnud 200 dollarini ja diisli hind 160 dollarini barreli eest. Hiina on keelanud naftatoodete ekspordi, Tai on kehtestanud bensiini normeerimise.<\/p>\n<p>\u201eKriis hakkab p\u00e4riselt kliente m\u00f5jutama,\u201c \u00fctles Pouyann\u00e9. \u201eK\u00f5ik s\u00f5ltub sellest, kui kaua see konflikt kestab. Loodan, et mitte liiga kaua. Vastasel juhul on tagaj\u00e4rjed v\u00e4ga-v\u00e4ga dramaatilised.\u201c<\/p>\n<p>Maailma \u00fche suurima LNG eksport\u00f6\u00f6ri Cheniere\u2019i juht Jack Fusco \u00fctles, et firma p\u00fc\u00fcab suunata v\u00f5imalikult palju gaasi Aasia riikidesse, mis s\u00f5ltuvad tugevalt Katari impordist, kuid ettev\u00f5te t\u00f6\u00f6tab juba praegu t\u00e4isv\u00f5imsusel. Keerukaks muudab tema s\u00f5nul olukorra aga see, et vedu USA rannikult Aasiasse v\u00f5tab aega 28 p\u00e4eva.<\/p>\n<p>Eskaleerumise risk on k\u00f5rge<\/p>\n<p>Johns Hopkinsi \u00fclikooli Iraani ekspert Vali Nasr \u00fctles, et s\u00f5da ei l\u00f5ppe ilmselt niipea. Iraan ei otsi tema hinnangul relvarahu, vaid suurt kokkulepet, mis annaks neile Hormuzi v\u00e4ina \u00fcle kontrolli, majandusliku kompensatsiooni ja julgeolekugarantiid.<\/p>\n<p>Trumpi esimese ametiaja kaitseminister Jim Mattis lisas, et Iraan peab totaalset s\u00f5da, samas kui USA viib l\u00e4bi piiratud ulatusega \u00f5hur\u00fcnnakuid. Re\u017eiimivahetus Teheranis on ekskaitseministri arvates illusoorne eesm\u00e4rk, konflikt on patiseisus ja \u00fcks pool t\u00f5en\u00e4oliselt eskaleerib seda edasi. \u201eMa ei usu, et me saame sellest lihtsalt minema k\u00f5ndida. Me oleme keerulises olukorras,\u201c \u00fctles Mattis.<\/p>\n<p>Kuidas see lugu Sind end tundma pani? Saada <a href=\"https:\/\/arileht.delfi.ee\/a\/120564020\/naftahiidude-juhid-loovad-hairekella-euroopat-ahvardab-aprillis-kutuse-nappus\/kommentaarid\" class=\"article-body-bottom__comment article-body-bottom__comment--write button button--primary button--size-auto\" rel=\"nofollow noopener\" target=\"_blank\"> Kommenteeri <\/a><a href=\"https:\/\/arileht.delfi.ee\/a\/120564020\/naftahiidude-juhid-loovad-hairekella-euroopat-ahvardab-aprillis-kutuse-nappus\/kommentaarid\" class=\"article-body-bottom__comment article-body-bottom__comment--read button button--size-auto\" rel=\"nofollow noopener\" target=\"_blank\"> Loe kommentaare (10)<\/a><\/p>\n","protected":false},"excerpt":{"rendered":"Shelli tegevjuht Wael Sawan \u00fctles, et k\u00fctuse tarneahel on t\u00f5siselt h\u00e4iritud. Lennukik\u00fctuse varud on juba praegu t\u00f5siselt pihta&hellip;\n","protected":false},"author":2,"featured_media":140768,"comment_status":"","ping_status":"","sticky":false,"template":"","format":"standard","meta":{"footnotes":"","_share_on_mastodon":"0"},"categories":[14],"tags":[131,5533,130,37,33,35,34,36,46527,4257,8748],"class_list":["post-140767","post","type-post","status-publish","format-standard","has-post-thumbnail","category-ari","tag-ari","tag-brent","tag-business","tag-ee","tag-eesti","tag-eesti-keel","tag-estonia","tag-estonian","tag-hormuzi-vain","tag-nafta","tag-nafta-hind"],"share_on_mastodon":{"url":"https:\/\/pubeurope.com\/@ee\/116311901102156428","error":""},"_links":{"self":[{"href":"https:\/\/www.europesays.com\/ee\/wp-json\/wp\/v2\/posts\/140767","targetHints":{"allow":["GET"]}}],"collection":[{"href":"https:\/\/www.europesays.com\/ee\/wp-json\/wp\/v2\/posts"}],"about":[{"href":"https:\/\/www.europesays.com\/ee\/wp-json\/wp\/v2\/types\/post"}],"author":[{"embeddable":true,"href":"https:\/\/www.europesays.com\/ee\/wp-json\/wp\/v2\/users\/2"}],"replies":[{"embeddable":true,"href":"https:\/\/www.europesays.com\/ee\/wp-json\/wp\/v2\/comments?post=140767"}],"version-history":[{"count":0,"href":"https:\/\/www.europesays.com\/ee\/wp-json\/wp\/v2\/posts\/140767\/revisions"}],"wp:featuredmedia":[{"embeddable":true,"href":"https:\/\/www.europesays.com\/ee\/wp-json\/wp\/v2\/media\/140768"}],"wp:attachment":[{"href":"https:\/\/www.europesays.com\/ee\/wp-json\/wp\/v2\/media?parent=140767"}],"wp:term":[{"taxonomy":"category","embeddable":true,"href":"https:\/\/www.europesays.com\/ee\/wp-json\/wp\/v2\/categories?post=140767"},{"taxonomy":"post_tag","embeddable":true,"href":"https:\/\/www.europesays.com\/ee\/wp-json\/wp\/v2\/tags?post=140767"}],"curies":[{"name":"wp","href":"https:\/\/api.w.org\/{rel}","templated":true}]}}