{"id":140833,"date":"2026-03-29T11:34:05","date_gmt":"2026-03-29T11:34:05","guid":{"rendered":"https:\/\/www.europesays.com\/ee\/140833\/"},"modified":"2026-03-29T11:34:05","modified_gmt":"2026-03-29T11:34:05","slug":"etuudid-uhe-kultuuri-sunnist-sakala","status":"publish","type":"post","link":"https:\/\/www.europesays.com\/ee\/140833\/","title":{"rendered":"Et\u00fc\u00fcdid \u00fche kultuuri s\u00fcnnist &#8211; Sakala"},"content":{"rendered":"<ol>\n<li><a href=\"https:\/\/news.google.com\/rss\/articles\/CBMickFVX3lxTE9fd0ZTbXljbmZSREoxeDZBdlJpV05PMFlJeDAyNHd1Z2x0aEFjS0JfUHVTeHl4akp4TXAzNm16bDYwbDU4eGhoXzYwZjdmMnU5RGFzWERSUTI1SjJNaWg0OUFibEE4Ql8xUFN3WXk5UkFSQQ?oc=5\" target=\"_blank\" rel=\"nofollow noopener\">Et\u00fc\u00fcdid \u00fche kultuuri s\u00fcnnist<\/a>&nbsp;&nbsp;Sakala<\/li>\n<li><a href=\"https:\/\/news.google.com\/rss\/articles\/CBMi5gFBVV95cUxNN3g2ZXI4aDBRNXNQbDR0THZfa3hsODQxdmJrcXA2WDdiSUptYnI4MjJxNkVrejlYelpXZDNLR0U3TWFfcUYtaWhIMmVMUmxiYmZtSkdNMFVWaHFKbm13dGVLNWMxRm9JRWwzTGUtTDkwZ29GcnI3WjJmc0EzQTc4Rm1CckdCN2wwTTZxM1VHZkJyWG16YWZYNHFsTXppcnNKeE1yZTJwQ2ZLSXJXV0kzT0RITXdacDBiY1lfZmhpQURjZ193eFd5U0RiWElWWHdzd2tFTmM2aWFXcEQ2UXJIaTR3R1J1Zw?oc=5\" target=\"_blank\" rel=\"nofollow noopener\">FILMIARVUSTUS | Rullnokad, luksusautod ja vabaduse l\u00f5hn \u2013 \u201eKadunud unistus\u201c toob ekraanile 1990ndate p\u00f6\u00f6rase autokultuuri<\/a>&nbsp;&nbsp;ohtuleht.ee<\/li>\n<li><a href=\"https:\/\/news.google.com\/rss\/articles\/CBMiP0FVX3lxTE5IQjdSeHRBNnNpUTRYU3J1R3ZRTXU4eldfLW93ZUwxRksycmRHVTY0eE9qVTFKMmhmX1BuYXlpNA?oc=5\" target=\"_blank\" rel=\"nofollow noopener\">Filmi \u201cKadunud unistus\u201d looja Sergei Zjuganovi enda autoajalugu sisaldab nii Prowlerit kui Alpinat<\/a>&nbsp;&nbsp;Uudis.net<\/li>\n<li><a href=\"https:\/\/news.google.com\/rss\/articles\/CBMiP0FVX3lxTE1fdFRIQktGclFrWDU3WFEteTBKOXJCckNuX2VvOUZtZHZqRGFEdm03dlBSajhSVjBmVElvTUxVRQ?oc=5\" target=\"_blank\" rel=\"nofollow noopener\">Intervjuu: Sergei Zjuganov otsis filmi jaoks \u00fcles 1990ndate automaailma kadunud unistused<\/a>&nbsp;&nbsp;Uudis.net<\/li>\n<\/ol>\n","protected":false},"excerpt":{"rendered":"Et\u00fc\u00fcdid \u00fche kultuuri s\u00fcnnist&nbsp;&nbsp;Sakala FILMIARVUSTUS | Rullnokad, luksusautod ja vabaduse l\u00f5hn \u2013 \u201eKadunud unistus\u201c toob ekraanile 1990ndate p\u00f6\u00f6rase&hellip;\n","protected":false},"author":2,"featured_media":140834,"comment_status":"","ping_status":"","sticky":false,"template":"","format":"standard","meta":{"footnotes":"","_share_on_mastodon":"0"},"categories":[12],"tags":[3292,7496,64374,64375,26,27,3925,37,33,35,34,36,31,32,21,28,29,19,25,23,24,22,20,30],"class_list":["post-140833","post","type-post","status-publish","format-standard","has-post-thumbnail","category-eesti","tag-90ndad","tag-autokultuur","tag-autondus","tag-autorifilm","tag-breaking-news","tag-breakingnews","tag-dokumentaalfilm","tag-ee","tag-eesti","tag-eesti-keel","tag-estonia","tag-estonian","tag-featured-news","tag-featurednews","tag-headlines","tag-latest-news","tag-latestnews","tag-news","tag-populaarseimad-lood","tag-top-stories","tag-topstories","tag-uldised-uudised","tag-uudised","tag-viimased-uudised"],"share_on_mastodon":{"url":"https:\/\/pubeurope.com\/@ee\/116312255009430435","error":""},"_links":{"self":[{"href":"https:\/\/www.europesays.com\/ee\/wp-json\/wp\/v2\/posts\/140833","targetHints":{"allow":["GET"]}}],"collection":[{"href":"https:\/\/www.europesays.com\/ee\/wp-json\/wp\/v2\/posts"}],"about":[{"href":"https:\/\/www.europesays.com\/ee\/wp-json\/wp\/v2\/types\/post"}],"author":[{"embeddable":true,"href":"https:\/\/www.europesays.com\/ee\/wp-json\/wp\/v2\/users\/2"}],"replies":[{"embeddable":true,"href":"https:\/\/www.europesays.com\/ee\/wp-json\/wp\/v2\/comments?post=140833"}],"version-history":[{"count":0,"href":"https:\/\/www.europesays.com\/ee\/wp-json\/wp\/v2\/posts\/140833\/revisions"}],"wp:featuredmedia":[{"embeddable":true,"href":"https:\/\/www.europesays.com\/ee\/wp-json\/wp\/v2\/media\/140834"}],"wp:attachment":[{"href":"https:\/\/www.europesays.com\/ee\/wp-json\/wp\/v2\/media?parent=140833"}],"wp:term":[{"taxonomy":"category","embeddable":true,"href":"https:\/\/www.europesays.com\/ee\/wp-json\/wp\/v2\/categories?post=140833"},{"taxonomy":"post_tag","embeddable":true,"href":"https:\/\/www.europesays.com\/ee\/wp-json\/wp\/v2\/tags?post=140833"}],"curies":[{"name":"wp","href":"https:\/\/api.w.org\/{rel}","templated":true}]}}