{"id":140850,"date":"2026-03-29T12:06:08","date_gmt":"2026-03-29T12:06:08","guid":{"rendered":"https:\/\/www.europesays.com\/ee\/140850\/"},"modified":"2026-03-29T12:06:08","modified_gmt":"2026-03-29T12:06:08","slug":"euroopa-turistid-on-hulgamas-tai-lounaosa-uute-lemmik-sihtkohtadena-on-esile-tousmas-kaks-saart","status":"publish","type":"post","link":"https:\/\/www.europesays.com\/ee\/140850\/","title":{"rendered":"Euroopa turistid on h\u00fclgamas Tai l\u00f5unaosa. Uute lemmik sihtkohtadena on esile t\u00f5usmas kaks saart"},"content":{"rendered":"<p>TATi idaregiooni direktor Kanokkittika Kritwuttikorn \u00fctles BangkokPosti vahendusel, et Euroopa reisigrupid ja reisib\u00fcrood n\u00e4itavad viimasel ajal \u00fcles palju suuremat huvi idaregiooni vastu, eriti Trati provintsis asuvate Koh Changi ja Koh Kuti saarte vastu, mida nad n\u00e4evad uute sihtkohtadena. <\/p>\n<p>Kanokkittika s\u00f5nul on s\u00f5da seni idaosariike v\u00e4hem m\u00f5jutanud kui l\u00f5unaosariike. Paljud k\u00fclastajad plaanivad n\u00fc\u00fcd Pattayas pikemat viibimist, kuni aprillis toimuva Songkrani festivalini, hoolimata j\u00e4tkuvast konfliktist. <\/p>\n<p>Oled juba tellija?Logi sisse<\/p>\n<p><a href=\"https:\/\/reisijuht.delfi.ee\/artikkel\/120496643\/euroopa-turistid-on-hulgamas-tai-lounaosa-uute-lemmik-sihtkohtadena-on-esile-tousmas-kaks-saart\/kommentaarid\" class=\"article-body-bottom__comment article-body-bottom__comment--write button button--primary button--size-auto\" rel=\"nofollow noopener\" target=\"_blank\"> Kommenteeri <\/a><a href=\"https:\/\/reisijuht.delfi.ee\/artikkel\/120496643\/euroopa-turistid-on-hulgamas-tai-lounaosa-uute-lemmik-sihtkohtadena-on-esile-tousmas-kaks-saart\/kommentaarid\" class=\"article-body-bottom__comment article-body-bottom__comment--read button button--size-auto\" rel=\"nofollow noopener\" target=\"_blank\"> Loe kommentaare <\/a><\/p>\n","protected":false},"excerpt":{"rendered":"TATi idaregiooni direktor Kanokkittika Kritwuttikorn \u00fctles BangkokPosti vahendusel, et Euroopa reisigrupid ja reisib\u00fcrood n\u00e4itavad viimasel ajal \u00fcles palju&hellip;\n","protected":false},"author":2,"featured_media":140851,"comment_status":"","ping_status":"","sticky":false,"template":"","format":"standard","meta":{"footnotes":"","_share_on_mastodon":"0"},"categories":[80],"tags":[26,27,37,33,35,34,36,112,31,32,21,4376,28,29,95,19,18211,25,23,24,22,20,30,92,93,94],"class_list":["post-140850","post","type-post","status-publish","format-standard","has-post-thumbnail","category-maailm","tag-breaking-news","tag-breakingnews","tag-ee","tag-eesti","tag-eesti-keel","tag-estonia","tag-estonian","tag-euroopa","tag-featured-news","tag-featurednews","tag-headlines","tag-lahis-ida","tag-latest-news","tag-latestnews","tag-maailm","tag-news","tag-phuket","tag-populaarseimad-lood","tag-top-stories","tag-topstories","tag-uldised-uudised","tag-uudised","tag-viimased-uudised","tag-world","tag-world-news","tag-worldnews"],"share_on_mastodon":{"url":"https:\/\/pubeurope.com\/@ee\/116312380682710804","error":""},"_links":{"self":[{"href":"https:\/\/www.europesays.com\/ee\/wp-json\/wp\/v2\/posts\/140850","targetHints":{"allow":["GET"]}}],"collection":[{"href":"https:\/\/www.europesays.com\/ee\/wp-json\/wp\/v2\/posts"}],"about":[{"href":"https:\/\/www.europesays.com\/ee\/wp-json\/wp\/v2\/types\/post"}],"author":[{"embeddable":true,"href":"https:\/\/www.europesays.com\/ee\/wp-json\/wp\/v2\/users\/2"}],"replies":[{"embeddable":true,"href":"https:\/\/www.europesays.com\/ee\/wp-json\/wp\/v2\/comments?post=140850"}],"version-history":[{"count":0,"href":"https:\/\/www.europesays.com\/ee\/wp-json\/wp\/v2\/posts\/140850\/revisions"}],"wp:featuredmedia":[{"embeddable":true,"href":"https:\/\/www.europesays.com\/ee\/wp-json\/wp\/v2\/media\/140851"}],"wp:attachment":[{"href":"https:\/\/www.europesays.com\/ee\/wp-json\/wp\/v2\/media?parent=140850"}],"wp:term":[{"taxonomy":"category","embeddable":true,"href":"https:\/\/www.europesays.com\/ee\/wp-json\/wp\/v2\/categories?post=140850"},{"taxonomy":"post_tag","embeddable":true,"href":"https:\/\/www.europesays.com\/ee\/wp-json\/wp\/v2\/tags?post=140850"}],"curies":[{"name":"wp","href":"https:\/\/api.w.org\/{rel}","templated":true}]}}