{"id":141011,"date":"2026-03-29T17:23:07","date_gmt":"2026-03-29T17:23:07","guid":{"rendered":"https:\/\/www.europesays.com\/ee\/141011\/"},"modified":"2026-03-29T17:23:07","modified_gmt":"2026-03-29T17:23:07","slug":"henry-sildaru-tegi-eesti-talispordi-ajalugu-olen-taiesti-sonatu-postimees-sport","status":"publish","type":"post","link":"https:\/\/www.europesays.com\/ee\/141011\/","title":{"rendered":"Henry Sildaru tegi Eesti talispordi ajalugu: \u00abOlen t\u00e4iesti s\u00f5natu.\u00bb &#8211; Postimees Sport"},"content":{"rendered":"<ol>\n<li><a href=\"https:\/\/news.google.com\/rss\/articles\/CBMinwFBVV95cUxQOFBNVnhkMVJTZnk5YnFjbExpNWhOVkZXaW9nYlROZldZNk9kNmhQamIxZ3Fia3puN3BPMUgzcHBBbEtod0dLbFJ1aUxGVGRIbV8zZG5hV0xlRU9XRldhdkJ6a3doZkRHYldWQ3c5OVVRS2FsLWM4Ym1WUGJQMWRWdDkwVnVtbldDam5tVGJ3dkZzOFd2bFlZUDJJWVkxSVU?oc=5\" target=\"_blank\" rel=\"nofollow noopener\">Henry Sildaru tegi Eesti talispordi ajalugu: \u00abOlen t\u00e4iesti s\u00f5natu.\u00bb<\/a>&nbsp;&nbsp;Postimees Sport<\/li>\n<li><a href=\"https:\/\/news.google.com\/rss\/articles\/CBMizgFBVV95cUxNbmlsZ0dBRjF4YVNlTWRzVjNRdVhhcThlUFNlYXRJOG81WGp2NGFJUzFTYzVhOWthMnZNdUxyRXpQTUF0d2FibE8tRHhET2hFN2tuY25BNDRzSU1DQXBmOHZseEUzT1hOdXg5WFVST3JBOEQxdFZkYzhIc1oyT2lLVlVlNWVpSngxVHNfUXA5VXBNUHdpNTY4dERNczZsM3htMFBBLThmaUpHQlRnTXJhaE9hMTVMTkdaMzZLQjhUdjFFRTFzZ2VGdF9xbFdKUQ?oc=5\" target=\"_blank\" rel=\"nofollow noopener\">TALISPORDIBLOGI | Henry Sildaru sai hooaja viimasel etapil teise koha ja tuli MK-sarja \u00fcldv\u00f5itjaks!<\/a>&nbsp;&nbsp;Delfi Sport<\/li>\n<li><a href=\"https:\/\/news.google.com\/rss\/articles\/CBMilAFBVV95cUxPZHNpNWo1VDJSMTBuUjhWckwtajVxakJ3SlZyUkQ5TEJfWjdTQlFsQW9pcHBNdmgyZ3ZLcDQxd1JXMjVua1VlWDBjd2pJdW5xYnVpTWZrQ3lweDl1bFhleE5RVmJuVV9Ga0QwMnZkejF4THR0SENwMGI3NFU4NHdVdlc0eWZEREJ4MklxLTI1WWZJaUpM?oc=5\" target=\"_blank\" rel=\"nofollow noopener\">Henry Sildaru teenis viimase v\u00f5istlusega MK-sarja \u00fcldv\u00f5idu<\/a>&nbsp;&nbsp;sport | ERR<\/li>\n<li><a href=\"https:\/\/news.google.com\/rss\/articles\/CBMi1AFBVV95cUxNQXdFc2JINS1nSHRsMmJwVzVxUjYwYXBfbFBhYXA3R2liczkwMVFOa1VQZm5pQ2hKVmFfZVpVQ1NUNWFfX0p6MUJUdlpmTTNRMXByejhRYlJMcG15c0lMQlhMdEFqUVk5UU5vUTV3SU1ZbXJuandGZTVzOE5PZ2FuaXZzZElZcERoTGNaRk9TYmJ5WnlXV1hGWndDZjFObkljaEJqakxKb1N3ZnQ2andzT1RvYnFtSklGazA2S0hGT2VQSlVvVFJ2ejk2MjF3SElua1pKTA?oc=5\" target=\"_blank\" rel=\"nofollow noopener\">TALISPORDIBLOGI | V\u00c4GEV MM! Selevko s\u00f5itis \u00fclik\u00f5vas konkurentsis v\u00e4lja Eesti ajaloo parima koha<\/a>&nbsp;&nbsp;\u00d5htuleht<\/li>\n<li><a href=\"https:\/\/news.google.com\/rss\/articles\/CBMi6AFBVV95cUxNRlVkWURnazdveGFYTTV1NFB5TnlIMk00Mi0xYXZOcEI0SXJFelhhdmJLUXlZc19IOGYxV3B2aG94NllIVzdxbTRSVHpzMlhUU2J3RlBsMW5NY25RVkZqbU1BXy10enBQRGdFcEx4TVUydkRlNUJ1a2psUHhfSmItNlVraVUzLXRJYzZXTDd4QzJGd0NaX0ZodERiaTBiTW5UdE44RnNOcmNVckt3YlRMdXZOV2U1djNETm9tOFQxSWdSb3piSjQ5Y1l3RlMtWWx5aDM3Wmc1MWo3UHVDVmZLMTU0OWpsTFZC?oc=5\" target=\"_blank\" rel=\"nofollow noopener\">Kelly Sildaru hooaja viimasest etappist: tegin nelja aasta parima laskumise. Kahju, et poodiumist natuke puudu j\u00e4i<\/a>&nbsp;&nbsp;Delfi Sport<\/li>\n<\/ol>\n","protected":false},"excerpt":{"rendered":"Henry Sildaru tegi Eesti talispordi ajalugu: \u00abOlen t\u00e4iesti s\u00f5natu.\u00bb&nbsp;&nbsp;Postimees Sport TALISPORDIBLOGI | Henry Sildaru sai hooaja viimasel etapil&hellip;\n","protected":false},"author":2,"featured_media":141012,"comment_status":"","ping_status":"","sticky":false,"template":"","format":"standard","meta":{"footnotes":"","_share_on_mastodon":"0"},"categories":[18],"tags":[12798,37,33,35,34,36,2722,39784,15416,1912,64463,159,158],"class_list":["post-141011","post","type-post","status-publish","format-standard","has-post-thumbnail","category-sport","tag-allar-levandi","tag-ee","tag-eesti","tag-eesti-keel","tag-estonia","tag-estonian","tag-henry-sildaru","tag-kristina-smigun","tag-kristina-smigun-vahi","tag-mk-sari","tag-mk-sarja-uldvoit","tag-sport","tag-sports"],"share_on_mastodon":{"url":"https:\/\/pubeurope.com\/@ee\/116313627194978022","error":""},"_links":{"self":[{"href":"https:\/\/www.europesays.com\/ee\/wp-json\/wp\/v2\/posts\/141011","targetHints":{"allow":["GET"]}}],"collection":[{"href":"https:\/\/www.europesays.com\/ee\/wp-json\/wp\/v2\/posts"}],"about":[{"href":"https:\/\/www.europesays.com\/ee\/wp-json\/wp\/v2\/types\/post"}],"author":[{"embeddable":true,"href":"https:\/\/www.europesays.com\/ee\/wp-json\/wp\/v2\/users\/2"}],"replies":[{"embeddable":true,"href":"https:\/\/www.europesays.com\/ee\/wp-json\/wp\/v2\/comments?post=141011"}],"version-history":[{"count":0,"href":"https:\/\/www.europesays.com\/ee\/wp-json\/wp\/v2\/posts\/141011\/revisions"}],"wp:featuredmedia":[{"embeddable":true,"href":"https:\/\/www.europesays.com\/ee\/wp-json\/wp\/v2\/media\/141012"}],"wp:attachment":[{"href":"https:\/\/www.europesays.com\/ee\/wp-json\/wp\/v2\/media?parent=141011"}],"wp:term":[{"taxonomy":"category","embeddable":true,"href":"https:\/\/www.europesays.com\/ee\/wp-json\/wp\/v2\/categories?post=141011"},{"taxonomy":"post_tag","embeddable":true,"href":"https:\/\/www.europesays.com\/ee\/wp-json\/wp\/v2\/tags?post=141011"}],"curies":[{"name":"wp","href":"https:\/\/api.w.org\/{rel}","templated":true}]}}