{"id":141261,"date":"2026-03-30T05:31:06","date_gmt":"2026-03-30T05:31:06","guid":{"rendered":"https:\/\/www.europesays.com\/ee\/141261\/"},"modified":"2026-03-30T05:31:06","modified_gmt":"2026-03-30T05:31:06","slug":"jaekaubanduse-veebruari-muugimaht-suurenes-viis-protsenti-majandus","status":"publish","type":"post","link":"https:\/\/www.europesays.com\/ee\/141261\/","title":{"rendered":"Jaekaubanduse veebruari m\u00fc\u00fcgimaht suurenes viis protsenti | Majandus"},"content":{"rendered":"<p>Eesti jaekaubandusettev\u00f5tete m\u00fc\u00fcgitulu oli veebruaris 840 miljonit eurot, v\u00f5rreldes 2025. aasta sama kuuga kasvas m\u00fc\u00fcgimaht viis protsenti, teatas statistikaamet. Toidukaupade kaupluste m\u00fc\u00fcgimahu v\u00e4henemine veebruaris aga j\u00e4tkus.<\/p>\n<p>Statistikaameti anal\u00fc\u00fctik Johanna Linda Pihlak\u00a0t\u00f5i v\u00e4lja, et jaekaubandusettev\u00f5tete m\u00fc\u00fcgimaht hakkas selle aasta jaanuaris taas kasvama ja suurenes teist kuud j\u00e4rjest. &#8220;Veebruaris kasvas maht k\u00fcll veidi aeglasemalt kui jaanuaris,&#8221; lisas anal\u00fc\u00fctik.<\/p>\n<p>Veebruaris m\u00f5jutasid jaekaubandusettev\u00f5tete m\u00fc\u00fcgimahu kasvu mootorik\u00fctuse jaem\u00fc\u00fcgiga tegelevad ettev\u00f5tted ja t\u00f6\u00f6stuskaupade kauplused. Mootorik\u00fctuse jaem\u00fc\u00fcgiga tegelevate ettev\u00f5tete m\u00fc\u00fcgimaht suurenes 2025. aasta veebruariga v\u00f5rreldes 17 protsenti ja\u00a0t\u00f6\u00f6stuskaupade kauplustes kaheksa protsenti.<\/p>\n<p>&#8220;Mootorik\u00fctuste jaem\u00fc\u00fcgiga tegelevate ettev\u00f5tete m\u00fc\u00fcgimahu kasvule avaldas m\u00f5ju mullusest odavam mootorik\u00fctuse hind,&#8221; selgitas Pihlak ja t\u00e4psustas, et mootorik\u00fctuse jaem\u00fc\u00fcgiga tegelevate ettev\u00f5tete m\u00fc\u00fcgitulu ei h\u00f5lma ainult mootorik\u00fctuste m\u00fc\u00fcki, vaid kogum\u00fc\u00fcki, kuhu kuulub ka n\u00e4iteks toitlustusest ja muudelt kaupadelt ning teenustelt saadud tulu.<\/p>\n<p>Toidukaupade kaupluste m\u00fc\u00fcgimahu v\u00e4henemine veebruaris aga j\u00e4tkus ning maht kahanes eelmise aasta sama kuuga v\u00f5rreldes kolm protsenti.\u00a0&#8220;Nende ettev\u00f5tete m\u00fc\u00fcgimahu v\u00e4henemisele avaldas m\u00f5ju toidukaupade hinnat\u00f5us,&#8221; m\u00e4rkis Pihlak.<\/p>\n<p>Jaanuariga v\u00f5rreldes kahanes jaekaubandusettev\u00f5tete m\u00fc\u00fcgimaht veebruaris kuus protsenti. Sesoonselt ja kalendaarselt korrigeeritud andmetel j\u00e4i m\u00fc\u00fcgimaht eelmise kuu tasemele.<\/p>\n","protected":false},"excerpt":{"rendered":"Eesti jaekaubandusettev\u00f5tete m\u00fc\u00fcgitulu oli veebruaris 840 miljonit eurot, v\u00f5rreldes 2025. aasta sama kuuga kasvas m\u00fc\u00fcgimaht viis protsenti, teatas&hellip;\n","protected":false},"author":2,"featured_media":141262,"comment_status":"","ping_status":"","sticky":false,"template":"","format":"standard","meta":{"footnotes":"","_share_on_mastodon":"0"},"categories":[14],"tags":[131,130,37,33,35,3976,34,36,43,11006,7556,9886,393,2202,2198,4420],"class_list":["post-141261","post","type-post","status-publish","format-standard","has-post-thumbnail","category-ari","tag-ari","tag-business","tag-ee","tag-eesti","tag-eesti-keel","tag-elukallidus","tag-estonia","tag-estonian","tag-hinnatous","tag-jaekaubandus","tag-jaemuuk","tag-kaubandus","tag-kutus","tag-kutuse-hind","tag-majanduskasv","tag-toidukaubad"],"share_on_mastodon":{"url":"https:\/\/pubeurope.com\/@ee\/116316489932512467","error":""},"_links":{"self":[{"href":"https:\/\/www.europesays.com\/ee\/wp-json\/wp\/v2\/posts\/141261","targetHints":{"allow":["GET"]}}],"collection":[{"href":"https:\/\/www.europesays.com\/ee\/wp-json\/wp\/v2\/posts"}],"about":[{"href":"https:\/\/www.europesays.com\/ee\/wp-json\/wp\/v2\/types\/post"}],"author":[{"embeddable":true,"href":"https:\/\/www.europesays.com\/ee\/wp-json\/wp\/v2\/users\/2"}],"replies":[{"embeddable":true,"href":"https:\/\/www.europesays.com\/ee\/wp-json\/wp\/v2\/comments?post=141261"}],"version-history":[{"count":0,"href":"https:\/\/www.europesays.com\/ee\/wp-json\/wp\/v2\/posts\/141261\/revisions"}],"wp:featuredmedia":[{"embeddable":true,"href":"https:\/\/www.europesays.com\/ee\/wp-json\/wp\/v2\/media\/141262"}],"wp:attachment":[{"href":"https:\/\/www.europesays.com\/ee\/wp-json\/wp\/v2\/media?parent=141261"}],"wp:term":[{"taxonomy":"category","embeddable":true,"href":"https:\/\/www.europesays.com\/ee\/wp-json\/wp\/v2\/categories?post=141261"},{"taxonomy":"post_tag","embeddable":true,"href":"https:\/\/www.europesays.com\/ee\/wp-json\/wp\/v2\/tags?post=141261"}],"curies":[{"name":"wp","href":"https:\/\/api.w.org\/{rel}","templated":true}]}}