{"id":141453,"date":"2026-03-30T09:35:12","date_gmt":"2026-03-30T09:35:12","guid":{"rendered":"https:\/\/www.europesays.com\/ee\/141453\/"},"modified":"2026-03-30T09:35:12","modified_gmt":"2026-03-30T09:35:12","slug":"madise-uus-saarte-pusielaniku-sooduspileti-kord-on-pohiseadusega-kooskolas-eesti","status":"publish","type":"post","link":"https:\/\/www.europesays.com\/ee\/141453\/","title":{"rendered":"Madise: uus saarte p\u00fcsielaniku sooduspileti kord on p\u00f5hiseadusega koosk\u00f5las | Eesti"},"content":{"rendered":"<p>\u00d5iguse parvlaevale p\u00fcsielaniku sooduspileti osta saavad ainult need Saaremaa ja Hiiumaa elanikud, kelle elukoht oli saarel rahvastikuregistris 1. jaanuari seisuga. \u00d5iguskantslerile kaebuse esitanud saareelanik leidis, et see on eba\u00f5iglane p\u00e4rast seda kuup\u00e4eva saarele registreeritud inimese suhtes, kuid \u00dclle Madise selles p\u00f5hiseaduse riivet ei leidnud.<\/p>\n<p>P\u00fcsielaniku sooduspileti \u00f5igus Kuivastu-Virtsu, Rohuk\u00fcla-Heltermaa ja S\u00f5ru-Triigi parvlaevadel hakkas varem kehtima kohe p\u00e4rast seda, kui inimene oma elukoha saarel registreeris.<\/p>\n<p>Alates 2026. aastast see kord muutus ja n\u00fc\u00fcd kehtib \u00f5igus sooduspiletile ainult inimestele, kelle elukoht oli rahvastikuregistris Saare v\u00f5i Hiiu maakonnas sama aasta 1. jaanuari seisuga.<\/p>\n<p>\u00d5iguskantsler \u00dclle Madisele laekus kaebus \u00fchelt inimeselt, kes soovis teada, kas selline muudatus on p\u00f5hiseadusega koosk\u00f5las, pidades silmas v\u00f5rdsusp\u00f5hi\u00f5igust, mis kehtib ka neile, kes asuvad saarele elama p\u00e4rast 1. jaanuari v\u00f5i elavad aasta jooksul kahes omavalitsuses vaheldumisi.<\/p>\n<p>Madise teatas, et m\u00f5istetavalt v\u00f5ib soodustuse tegemine sellisel moel tunduda eba\u00f5iglane, kuid soodustuste tegemisel on teatud piirangute ja reeglite kehtestamine paratamatu.<\/p>\n<p>&#8220;Selline erinev kohtlemine ei ole siiski v\u00f5rdse kohtlemise n\u00f5ude rikkumine,&#8221; lisas \u00f5iguskantsler.<\/p>\n<p>Ta selgitas, et soodustuse t\u00e4psed tingimused ja suuruse m\u00e4\u00e4rab regionaal- ja p\u00f5llumajandusminister oma m\u00e4\u00e4rusega, aga kuna seadus ei t\u00e4psusta elukohaandmete kindlaksm\u00e4\u00e4ramise tingimusi, on ministril \u00f5igus otsustada, millistele gruppidele ja millistel tingimustel soodustust antakse.<\/p>\n<p>&#8220;Muu hulgas v\u00f5ib soodustuse saamise siduda inimese elukoha ja selle tuvastamise ajaga, kui nii saab paremini t\u00e4ita soodustuse eesm\u00e4rki. J\u00e4relikult oli ministril seaduslik volitus kehtestada, et sooduspileti saamiseks peab s\u00f5itja olema registreerinud oma elu- v\u00f5i asukoha saarel 1. jaanuariks,&#8221; t\u00f5des Madise.<\/p>\n<p>Ta lisas, et regionaal- ja p\u00f5lluministeeriumi selgituse kohaselt soovitakse soodustuse uute tingimustega muuta saarte omavalitsuste tulubaas stabiilsemaks, kuna elukohap\u00f5hine tulumaks arvestatakse samuti kalendriaasta alguse andmete p\u00f5hjal. Kuna tulumaksu laekumine ei arvesta kahes kohas elamist, saab Madise hinnangul omavalitsuse seesuguseid soove ja riigi valikuid m\u00f5ista.<\/p>\n<p>Ministeeriumi eesm\u00e4rgid on seega \u00f5iguslikult legitiimsed ja regionaalpoliitiliselt p\u00f5hjendatud. Madise t\u00f5des, et n\u00f5udes elukoha registreerimist konkreetseks kuup\u00e4evaks, toetatakse saartel alaliselt elavaid inimesi ja v\u00e4lditakse hooajalist \u00fcmberregistreerimist.<\/p>\n<p>&#8220;P\u00fcsielaniku soodustuse eesm\u00e4rk ongi toetada saartel alaliselt elavaid inimesi ja seal tegutsevaid ettev\u00f5tjaid, tagades neile soodsamad tingimused mandrile s\u00f5iduks,&#8221; s\u00f5nas Madise ja lisas, et niisuguseid piiravaid tingimusi on seatud ka teistes valdkondades, n\u00e4iteks kooli- ja lasteaiakoha pakkumisel ja mitmete sotsiaaltoetuste maksmisel.<\/p>\n<p>Seega ei takista 1. jaanuari seisuga elukoha registreerimise n\u00f5ue \u00f5iguskantsleri s\u00f5nul kedagi saarte ja mandri vahel reisimast ega saarele elama asumast. Erinev on vaid parvlaevapileti hind ning ka selle kohta kehtib ajaline piirang: p\u00fcsielaniku sooduspileti saab saarele elama asunud inimene osta hiljemalt j\u00e4rgmise aasta 1. jaanuarist.<\/p>\n<p>&#8220;Peale selle kompenseerib riik osa piletihinnast vedajale, mist\u00f5ttu ei ole t\u00e4ispileti hind \u00fclem\u00e4\u00e4ra k\u00f5rge,&#8221; nentis Madise.<\/p>\n","protected":false},"excerpt":{"rendered":"\u00d5iguse parvlaevale p\u00fcsielaniku sooduspileti osta saavad ainult need Saaremaa ja Hiiumaa elanikud, kelle elukoht oli saarel rahvastikuregistris 1.&hellip;\n","protected":false},"author":2,"featured_media":141454,"comment_status":"","ping_status":"","sticky":false,"template":"","format":"standard","meta":{"footnotes":"","_share_on_mastodon":"0"},"categories":[12],"tags":[26,27,37,33,35,34,36,31,32,21,28,29,19,3458,6840,25,52288,64806,23,24,22,3457,20,30],"class_list":["post-141453","post","type-post","status-publish","format-standard","has-post-thumbnail","category-eesti","tag-breaking-news","tag-breakingnews","tag-ee","tag-eesti","tag-eesti-keel","tag-estonia","tag-estonian","tag-featured-news","tag-featurednews","tag-headlines","tag-latest-news","tag-latestnews","tag-news","tag-oiguskantsler","tag-parvlaevad","tag-populaarseimad-lood","tag-praamipilet","tag-pusielaniku-sooduspilet","tag-top-stories","tag-topstories","tag-uldised-uudised","tag-ulle-madise","tag-uudised","tag-viimased-uudised"],"share_on_mastodon":{"url":"https:\/\/pubeurope.com\/@ee\/116317449363267261","error":""},"_links":{"self":[{"href":"https:\/\/www.europesays.com\/ee\/wp-json\/wp\/v2\/posts\/141453","targetHints":{"allow":["GET"]}}],"collection":[{"href":"https:\/\/www.europesays.com\/ee\/wp-json\/wp\/v2\/posts"}],"about":[{"href":"https:\/\/www.europesays.com\/ee\/wp-json\/wp\/v2\/types\/post"}],"author":[{"embeddable":true,"href":"https:\/\/www.europesays.com\/ee\/wp-json\/wp\/v2\/users\/2"}],"replies":[{"embeddable":true,"href":"https:\/\/www.europesays.com\/ee\/wp-json\/wp\/v2\/comments?post=141453"}],"version-history":[{"count":0,"href":"https:\/\/www.europesays.com\/ee\/wp-json\/wp\/v2\/posts\/141453\/revisions"}],"wp:featuredmedia":[{"embeddable":true,"href":"https:\/\/www.europesays.com\/ee\/wp-json\/wp\/v2\/media\/141454"}],"wp:attachment":[{"href":"https:\/\/www.europesays.com\/ee\/wp-json\/wp\/v2\/media?parent=141453"}],"wp:term":[{"taxonomy":"category","embeddable":true,"href":"https:\/\/www.europesays.com\/ee\/wp-json\/wp\/v2\/categories?post=141453"},{"taxonomy":"post_tag","embeddable":true,"href":"https:\/\/www.europesays.com\/ee\/wp-json\/wp\/v2\/tags?post=141453"}],"curies":[{"name":"wp","href":"https:\/\/api.w.org\/{rel}","templated":true}]}}