{"id":141484,"date":"2026-03-30T10:07:08","date_gmt":"2026-03-30T10:07:08","guid":{"rendered":"https:\/\/www.europesays.com\/ee\/141484\/"},"modified":"2026-03-30T10:07:08","modified_gmt":"2026-03-30T10:07:08","slug":"itaalia-muuseumist-varastati-miljoneid-vaart-renoiri-cezannei-ja-matissei-maalid","status":"publish","type":"post","link":"https:\/\/www.europesays.com\/ee\/141484\/","title":{"rendered":"Itaalia muuseumist varastati miljoneid v\u00e4\u00e4rt Renoiri, C\u00e9zanne\u2019i ja Matisse\u2019i maalid"},"content":{"rendered":"<p>Neli maskides meest sisenesid P\u00f5hja-Itaalias <a rel=\"noopener nofollow\" target=\"_blank\" href=\"https:\/\/www.delfi.ee\/teema\/96942296\/parma\" tag-id=\"96942296\">Parma<\/a> l\u00e4hedal asuvasse Magnani Rocca fondi villasse 22. m\u00e4rtsi \u00f6\u00f6sel, teatas politsei esindaja, kinnitades Itaalia ringh\u00e4\u00e4lingu Rai varasemat teadet, vahendab AFP.<\/p>\n<p>Varaste saagiks langesid Renoiri \u201eKalad\u201c, C\u00e9zanne\u2019i \u201eNat\u00fc\u00fcrmort kirssidega\u201c ja Matisse\u2019i \u201eOdalisk terrassil\u201c, teatas Itaalia meedia.<\/p>\n<p>Varastatud maalide v\u00e4\u00e4rtus on hinnanguliselt kokku \u00fcheksa miljonit eurot, teatas BBC.<\/p>\n<p>Vargus kestis kokku alla kolme minuti ja oli organiseeritud, teatas muuseum telekanalile SkyTG24.<\/p>\n<p>Vargad ei p\u00e4\u00e4senud kaugemale t\u00e4nu j\u00e4lgimiss\u00fcsteemile ning politseinike ja turvat\u00f6\u00f6tajate kiirele reageerimisele, lisas muuseum. Politsei uurib muuseumi ja naaberhoonete valvekaamerasalvestusi.<\/p>\n<p>Parmast 20 kilomeetri kaugusel asuv Magnani Rocca fond sisaldab kunstiajaloolase Luigi Magnani kunstikogu ning selles on ka Albrecht D\u00fcreri, Peter Paul Rubensi, Anthonis van Dycki, Francisco de Goya ja Claude Monet\u2019 teoseid. See asutati 1977. aastal.<\/p>\n<p>Kuidas see lugu Sind end tundma pani? Saada <a href=\"https:\/\/www.delfi.ee\/artikkel\/120564263\/itaalia-muuseumist-varastati-miljoneid-vaart-renoiri-cezanne-i-ja-matisse-i-maalid\/kommentaarid\" class=\"article-body-bottom__comment article-body-bottom__comment--write button button--primary button--size-auto\" rel=\"nofollow noopener\" target=\"_blank\"> Kommenteeri <\/a><a href=\"https:\/\/www.delfi.ee\/artikkel\/120564263\/itaalia-muuseumist-varastati-miljoneid-vaart-renoiri-cezanne-i-ja-matisse-i-maalid\/kommentaarid\" class=\"article-body-bottom__comment article-body-bottom__comment--read button button--size-auto\" rel=\"nofollow noopener\" target=\"_blank\"> Loe kommentaare <\/a><\/p>\n","protected":false},"excerpt":{"rendered":"Neli maskides meest sisenesid P\u00f5hja-Itaalias Parma l\u00e4hedal asuvasse Magnani Rocca fondi villasse 22. m\u00e4rtsi \u00f6\u00f6sel, teatas politsei esindaja,&hellip;\n","protected":false},"author":2,"featured_media":141485,"comment_status":"","ping_status":"","sticky":false,"template":"","format":"standard","meta":{"footnotes":"","_share_on_mastodon":"0"},"categories":[80],"tags":[26,27,37,33,35,34,36,31,32,21,109,28,29,95,19,1821,25,23,24,22,20,30,92,93,94],"class_list":["post-141484","post","type-post","status-publish","format-standard","has-post-thumbnail","category-maailm","tag-breaking-news","tag-breakingnews","tag-ee","tag-eesti","tag-eesti-keel","tag-estonia","tag-estonian","tag-featured-news","tag-featurednews","tag-headlines","tag-itaalia","tag-latest-news","tag-latestnews","tag-maailm","tag-news","tag-parma","tag-populaarseimad-lood","tag-top-stories","tag-topstories","tag-uldised-uudised","tag-uudised","tag-viimased-uudised","tag-world","tag-world-news","tag-worldnews"],"share_on_mastodon":{"url":"https:\/\/pubeurope.com\/@ee\/116317575189641145","error":""},"_links":{"self":[{"href":"https:\/\/www.europesays.com\/ee\/wp-json\/wp\/v2\/posts\/141484","targetHints":{"allow":["GET"]}}],"collection":[{"href":"https:\/\/www.europesays.com\/ee\/wp-json\/wp\/v2\/posts"}],"about":[{"href":"https:\/\/www.europesays.com\/ee\/wp-json\/wp\/v2\/types\/post"}],"author":[{"embeddable":true,"href":"https:\/\/www.europesays.com\/ee\/wp-json\/wp\/v2\/users\/2"}],"replies":[{"embeddable":true,"href":"https:\/\/www.europesays.com\/ee\/wp-json\/wp\/v2\/comments?post=141484"}],"version-history":[{"count":0,"href":"https:\/\/www.europesays.com\/ee\/wp-json\/wp\/v2\/posts\/141484\/revisions"}],"wp:featuredmedia":[{"embeddable":true,"href":"https:\/\/www.europesays.com\/ee\/wp-json\/wp\/v2\/media\/141485"}],"wp:attachment":[{"href":"https:\/\/www.europesays.com\/ee\/wp-json\/wp\/v2\/media?parent=141484"}],"wp:term":[{"taxonomy":"category","embeddable":true,"href":"https:\/\/www.europesays.com\/ee\/wp-json\/wp\/v2\/categories?post=141484"},{"taxonomy":"post_tag","embeddable":true,"href":"https:\/\/www.europesays.com\/ee\/wp-json\/wp\/v2\/tags?post=141484"}],"curies":[{"name":"wp","href":"https:\/\/api.w.org\/{rel}","templated":true}]}}