{"id":141551,"date":"2026-03-30T11:13:06","date_gmt":"2026-03-30T11:13:06","guid":{"rendered":"https:\/\/www.europesays.com\/ee\/141551\/"},"modified":"2026-03-30T11:13:06","modified_gmt":"2026-03-30T11:13:06","slug":"marilin-simchon-%e2%9f%a9-parklas-kais-plahvatus-kaks-tundi-varem-mangisid-seal-mu-lapsed","status":"publish","type":"post","link":"https:\/\/www.europesays.com\/ee\/141551\/","title":{"rendered":"MARILIN SIMCHON \u27e9 Parklas k\u00e4is plahvatus. Kaks tundi varem m\u00e4ngisid seal mu lapsed"},"content":{"rendered":"<p class=\"MsoNormal\">Kaks tundi varem olin ma oma lastega meie maja parkimisplatsil. Me m\u00e4ngisime t\u00e4pselt samas kohas, mida m\u00f5ni aeg hiljem tabas rakett. Kui sireen k\u00f5las, jooksime korteri turvaruumi. Meil on selleks loetud sekundid. Sulgesime ukse ja peaaegu kohe p\u00e4rast seda k\u00e4is plahvatus. Elekter kadus. Maja v\u00e4rises. Vaatasin oma abikaasale otsa ja k\u00fcsisin: kas see oli meie maja? Ta vastas: ma arvan k\u00fcll.<\/p>\n","protected":false},"excerpt":{"rendered":"Kaks tundi varem olin ma oma lastega meie maja parkimisplatsil. Me m\u00e4ngisime t\u00e4pselt samas kohas, mida m\u00f5ni aeg&hellip;\n","protected":false},"author":2,"featured_media":141552,"comment_status":"","ping_status":"","sticky":false,"template":"","format":"standard","meta":{"footnotes":"","_share_on_mastodon":"0"},"categories":[80],"tags":[64922,64924,26,27,37,33,35,34,36,31,32,64926,21,64914,64928,64916,28,29,64923,95,9100,64913,19,25,64921,64912,64930,64920,64918,23,24,64915,64929,64917,64927,22,20,64925,64919,30,92,93,94],"class_list":["post-141551","post","type-post","status-publish","format-standard","has-post-thumbnail","category-maailm","tag-7-oktoober-2023-jarelmojud","tag-avalik-empaatia-soja-ajal","tag-breaking-news","tag-breakingnews","tag-ee","tag-eesti","tag-eesti-keel","tag-estonia","tag-estonian","tag-featured-news","tag-featurednews","tag-gaza-ja-iisraeli-tsiviilohvrid","tag-headlines","tag-hezbollah-runnakud","tag-iisraeli-pommivarjendid","tag-iisraeli-tsiviilkaitse","tag-latest-news","tag-latestnews","tag-liibanoni-piirikonflikt","tag-maailm","tag-marilin-simchon","tag-nahariya-raketitabamus","tag-news","tag-populaarseimad-lood","tag-psuhholoogiline-moju-lastele","tag-raketirunnak-iisraelis","tag-soja-moraalsed-dilemmad","tag-sojakahjude-huvitamine-iisraelis","tag-sojakogemus-lastega","tag-top-stories","tag-topstories","tag-tsiviilelanike-sihtimine","tag-tsiviilkahjud-sojas","tag-turvaruum-iisraelis","tag-turvatunne-raketirunnakute-all","tag-uldised-uudised","tag-uudised","tag-valikuline-empaatia","tag-varakahjude-kompensatsioonifond-1961","tag-viimased-uudised","tag-world","tag-world-news","tag-worldnews"],"share_on_mastodon":{"url":"","error":"Validation failed: Text character limit of 500 exceeded"},"_links":{"self":[{"href":"https:\/\/www.europesays.com\/ee\/wp-json\/wp\/v2\/posts\/141551","targetHints":{"allow":["GET"]}}],"collection":[{"href":"https:\/\/www.europesays.com\/ee\/wp-json\/wp\/v2\/posts"}],"about":[{"href":"https:\/\/www.europesays.com\/ee\/wp-json\/wp\/v2\/types\/post"}],"author":[{"embeddable":true,"href":"https:\/\/www.europesays.com\/ee\/wp-json\/wp\/v2\/users\/2"}],"replies":[{"embeddable":true,"href":"https:\/\/www.europesays.com\/ee\/wp-json\/wp\/v2\/comments?post=141551"}],"version-history":[{"count":0,"href":"https:\/\/www.europesays.com\/ee\/wp-json\/wp\/v2\/posts\/141551\/revisions"}],"wp:featuredmedia":[{"embeddable":true,"href":"https:\/\/www.europesays.com\/ee\/wp-json\/wp\/v2\/media\/141552"}],"wp:attachment":[{"href":"https:\/\/www.europesays.com\/ee\/wp-json\/wp\/v2\/media?parent=141551"}],"wp:term":[{"taxonomy":"category","embeddable":true,"href":"https:\/\/www.europesays.com\/ee\/wp-json\/wp\/v2\/categories?post=141551"},{"taxonomy":"post_tag","embeddable":true,"href":"https:\/\/www.europesays.com\/ee\/wp-json\/wp\/v2\/tags?post=141551"}],"curies":[{"name":"wp","href":"https:\/\/api.w.org\/{rel}","templated":true}]}}