{"id":14164,"date":"2025-10-08T02:16:07","date_gmt":"2025-10-08T02:16:07","guid":{"rendered":"https:\/\/www.europesays.com\/ee\/14164\/"},"modified":"2025-10-08T02:16:07","modified_gmt":"2025-10-08T02:16:07","slug":"tehnikaulikool-hakkab-uurima-islami-panust-avalikku-sfaari-eesti","status":"publish","type":"post","link":"https:\/\/www.europesays.com\/ee\/14164\/","title":{"rendered":"Tehnika\u00fclikool hakkab uurima islami panust avalikku sf\u00e4\u00e4ri | Eesti"},"content":{"rendered":"<p>Tallinna tehnika\u00fclikooli Ragnar Nurkse instituudis alustas tegevust rahvusvaheline teadusv\u00f5rgustik, et toetada islami panusele avalikku sf\u00e4\u00e4ri keskenduvat koost\u00f6\u00f6d. \u00dclikooli kinnitusel h\u00f5lmab v\u00f5rgustiku t\u00f6\u00f6 ka kriitilist arutelu.<\/p>\n<p>Septembri keskel tehnika\u00fclikoolis t\u00f6\u00f6d alustanud Islamic Public Value Networki ehk IPV-net v\u00f5rgustikku juhib ja haldab Taltechi Ragnar Nurkse instituut kahe aasta jooksul.<\/p>\n<p>Partnerite seas on kaks sekulaarset l\u00e4\u00e4ne \u00fclikooli ehk lisaks tehnika\u00fclikoolile ka Londoni \u00dclikooli kolled\u017e (UCL), kaks \u00fclikooli moslemienamusega riikidest ehk HBKU Kataris ja Universitas Indonesia ning \u00fcks sekulaarne-budistlik \u00fclikool \u2013 NIDA Bangkokis.<\/p>\n<p>&#8220;Tegemist ei ole stipendiumiprogrammi ega konkreetse uurimisprojektiga, vaid koost\u00f6\u00f6v\u00f5rgustikuga, mis korraldab aeg-ajalt konverentse, kohtumisi ja \u00fchistegevusi partnerasutuste vahel,&#8221; kirjeldas projekti olemust \u00fcks selle juhtidest, tehnika\u00fclikooli ja UCL-i professor Rainer Kattel.<\/p>\n<p>V\u00f5rgustik tugineb varasemale edukale IPV-projektile, mida viidi l\u00e4bi 2022.\u20132025. aastal UCL-i innovatsiooni ja avaliku eesm\u00e4rgi instituudi (IIPP) juhtimisel ja Katteli eestvedamisel. Projekti rahastas Templetoni Fond.<\/p>\n<p>N\u00fc\u00fcd k\u00e4ivitatud IPV-v\u00f5rgustikku rahastatakse t\u00e4ielikult Londoni \u00dclikooli kolled\u017ei vahenditest, mis on eraldatud Ragnar Nurkse instituudile.<\/p>\n<p>V\u00f5rgustikuga seotud teadlased r\u00f5hutasid, et antud tegevuste k\u00e4igus t\u00e4hendab IPV ehk islami avalik h\u00fcve just avalikku h\u00fcve, mitte v\u00e4\u00e4rtuseid. Fookuses on see, kuidas institutsioonid alates haiglatest kuni toidus\u00fcsteemide ja veevarustuseni loovad h\u00fcve \u00fchiskonnale tervikuna, sageli ka v\u00e4ljaspool moslemikogukondi.<\/p>\n<p>&#8220;T\u00f5siseltv\u00f5etavate \u00fclikoolide jaoks ei ole mitte-l\u00e4\u00e4nelike s\u00fcsteemide ja loogikate uurimine valikuline, vaid h\u00e4davajalik. L\u00e4\u00e4ne teadus on ajalooliselt arenenud just t\u00e4nu mitmekesiste traditsioonide tundma\u00f5ppimisele. Tehnika\u00fclikoolid pole siin erandiks \u2013 nende roll globaalses teadusmaailmas h\u00f5lmab ka alternatiivsete l\u00e4henemiste uurimist valitsemisele ja avalikule h\u00fcvele,&#8221; lausus Kattel.<\/p>\n<p>Tehnika\u00fclikool t\u00f5i v\u00e4lja, et IPV-projekti raames on valminud rohkelt publikatsioone ning kaasa on l\u00f6\u00f6nud \u00fcle 40 teadlase \u00fcle maailma, nende seas mitmed avaliku halduse tippteadlased, kellest paljud ei ole ise moslemid.<\/p>\n<p>Samuti r\u00f5hutas \u00fclikool, et v\u00f5rgustiku t\u00f6\u00f6 ei ole v\u00e4ltinud kriitikat \u2013 lisaks edulugudele on edendatud ka konstruktiivset ja kriitilist arutelu institutsioonide ja avaliku h\u00fcve teemal.<\/p>\n","protected":false},"excerpt":{"rendered":"Tallinna tehnika\u00fclikooli Ragnar Nurkse instituudis alustas tegevust rahvusvaheline teadusv\u00f5rgustik, et toetada islami panusele avalikku sf\u00e4\u00e4ri keskenduvat koost\u00f6\u00f6d. \u00dclikooli&hellip;\n","protected":false},"author":2,"featured_media":14165,"comment_status":"","ping_status":"","sticky":false,"template":"","format":"standard","meta":{"footnotes":"","_share_on_mastodon":"0"},"categories":[18],"tags":[37,33,35,34,36,406,9233,331,9234,1014,9231,9229,9228,159,158,5593,246,9227,9232,9230],"class_list":["post-14164","post","type-post","status-publish","format-standard","has-post-thumbnail","category-sport","tag-ee","tag-eesti","tag-eesti-keel","tag-estonia","tag-estonian","tag-haridus","tag-ipv-net","tag-islam","tag-islamic-public-value-network","tag-korgharidus","tag-londoni-ulikooli-kolledz","tag-ragnar-nurkse-instituut","tag-rainer-kattel","tag-sport","tag-sports","tag-tallinna-tehnikaulikool","tag-taltech","tag-tehnikaulikool","tag-templetoni-fond","tag-ucl"],"share_on_mastodon":{"url":"","error":""},"_links":{"self":[{"href":"https:\/\/www.europesays.com\/ee\/wp-json\/wp\/v2\/posts\/14164","targetHints":{"allow":["GET"]}}],"collection":[{"href":"https:\/\/www.europesays.com\/ee\/wp-json\/wp\/v2\/posts"}],"about":[{"href":"https:\/\/www.europesays.com\/ee\/wp-json\/wp\/v2\/types\/post"}],"author":[{"embeddable":true,"href":"https:\/\/www.europesays.com\/ee\/wp-json\/wp\/v2\/users\/2"}],"replies":[{"embeddable":true,"href":"https:\/\/www.europesays.com\/ee\/wp-json\/wp\/v2\/comments?post=14164"}],"version-history":[{"count":0,"href":"https:\/\/www.europesays.com\/ee\/wp-json\/wp\/v2\/posts\/14164\/revisions"}],"wp:featuredmedia":[{"embeddable":true,"href":"https:\/\/www.europesays.com\/ee\/wp-json\/wp\/v2\/media\/14165"}],"wp:attachment":[{"href":"https:\/\/www.europesays.com\/ee\/wp-json\/wp\/v2\/media?parent=14164"}],"wp:term":[{"taxonomy":"category","embeddable":true,"href":"https:\/\/www.europesays.com\/ee\/wp-json\/wp\/v2\/categories?post=14164"},{"taxonomy":"post_tag","embeddable":true,"href":"https:\/\/www.europesays.com\/ee\/wp-json\/wp\/v2\/tags?post=14164"}],"curies":[{"name":"wp","href":"https:\/\/api.w.org\/{rel}","templated":true}]}}