{"id":141658,"date":"2026-03-30T13:06:09","date_gmt":"2026-03-30T13:06:09","guid":{"rendered":"https:\/\/www.europesays.com\/ee\/141658\/"},"modified":"2026-03-30T13:06:09","modified_gmt":"2026-03-30T13:06:09","slug":"ukraina-kaitseministeerium-laanemere-piirkond-on-muutunud-venemaa-jaoks-ohutust-sadamast-suure-riski-tsooniks-delfi","status":"publish","type":"post","link":"https:\/\/www.europesays.com\/ee\/141658\/","title":{"rendered":"Ukraina kaitseministeerium: L\u00e4\u00e4nemere piirkond on muutunud Venemaa jaoks ohutust sadamast suure riski tsooniks &#8211; Delfi"},"content":{"rendered":"<ol>\n<li><a href=\"https:\/\/news.google.com\/rss\/articles\/CBMi4wFBVV95cUxQQWd5WTR3RnVwX3lvVVU3VlBqUTRFdFZIcDJXMWtDb2MzR2RLMGx3dkFBRllVZlVlWm43UzNaOWV6c1FsUWlCNUtUZFdoY21kYjFrSEFyVDZ0ZV8wZGktdHFfaG11SjY4eV9McUUxbkcxTm95bnZlX29KeTVPVHFtX2NVTFBaanhpZmxjWExhR09uZV8tYy1lMlZCeUR6ZlVHd1JGekExNjdRcmNMVUxNZ2dCeU9PdnQ2TEZXb2t2enhmbTdhay1KXzZ3UWRoX1l4VTR1c2cxU0wtTnhERHJPYnBDOA?oc=5\" target=\"_blank\" rel=\"nofollow noopener\">Ukraina kaitseministeerium: L\u00e4\u00e4nemere piirkond on muutunud Venemaa jaoks ohutust sadamast suure riski tsooniks<\/a>&nbsp;&nbsp;Delfi<\/li>\n<li><a href=\"https:\/\/news.google.com\/rss\/articles\/CBMiogFBVV95cUxQQURPZGE3U3RnOU5uUk9aazFJaHR5cVgwbDJwQVkwejJCSGJwN0laS1MtYUxxZmphZTVySHpZSU5Xb2pFa0wwSlZXa1Y4dld0Z3dMazdvN1hONXBHRmFqRzhIZHNyZWdJSUgxZHl3V29iYzBjUV9BN3BwS252ekdfM2kwYUNKaENlT0pwTWU3TzRjY210eWQ5TmplMmtHUjIxUVE?oc=5\" target=\"_blank\" rel=\"nofollow noopener\">Venemaa peatas Soome lahe sadamates naftaekspordi<\/a>&nbsp;&nbsp;Logistikauudised<\/li>\n<li><a href=\"https:\/\/news.google.com\/rss\/articles\/CBMioAFBVV95cUxPbE1KU2g2WTNvZXFsa3IzdjQ4WllIcHhDWnZTS0wza0xpM082MkhvOEVadEhLZWk0Yi1HdWdFY1VHVkJJTnVGc0hKVkJQOHVkQXROdFBiVTFVM3RjcGFYTFFISVFTTXFacC14dlFaT1JHdEt3UW15MjBHUlBtd1JOMVF2bFU5SDJkT0JXc3hQUWZMN0VYbS05OVJTYUJZczdo?oc=5\" target=\"_blank\" rel=\"nofollow noopener\">Ukraina droonir\u00fcnnakud halvavad L\u00e4\u00e4ne-Venemaa naftaeksporti<\/a>&nbsp;&nbsp;\u00c4rip\u00e4ev<\/li>\n<li><a href=\"https:\/\/news.google.com\/rss\/articles\/CBMirAFBVV95cUxNVC1tdjBCNEJUM3FkekhnZ2R3TkhwSmZPYlJvZWZ6a0dUNzZuajVwczJNaGZpbmdVdTFRTklTSjNyYTZWdHAwYWgtTHZhMldiMno1cGRYa0w4aEJzSFk2ZTAzTGhzM2VpVGZnRVl6LTN3a1M5bkVmUFZfTXBjT3Rpck51UFZaUFE1QVJEMy1IM1hYVHAxQjVvN3hjc0lEcTBJU2dsMGV4YnpDeVFn?oc=5\" target=\"_blank\" rel=\"nofollow noopener\">Eesti piiri l\u00e4hedal l\u00f5\u00f5mavad naftamahutid: kas m\u00fcrgine suits j\u00f5uab meieni?<\/a>&nbsp;&nbsp;Teadus<\/li>\n<li><a href=\"https:\/\/news.google.com\/rss\/articles\/CBMiP0FVX3lxTFBBUWZhOXBuOUtOQ3ZHUHZSUDdOUzcwY25NX2I3S1Z6QjFwVFhWM053b0JiYmNzazM1WDFmUDhGZw?oc=5\" target=\"_blank\" rel=\"nofollow noopener\">What Role Did Poland &amp; The Baltic States Play In Ukraine\u2019s Bombing Of Ust-Luga?<\/a>&nbsp;&nbsp;Uudis.net<\/li>\n<\/ol>\n","protected":false},"excerpt":{"rendered":"Ukraina kaitseministeerium: L\u00e4\u00e4nemere piirkond on muutunud Venemaa jaoks ohutust sadamast suure riski tsooniks&nbsp;&nbsp;Delfi Venemaa peatas Soome lahe sadamates&hellip;\n","protected":false},"author":2,"featured_media":141659,"comment_status":"","ping_status":"","sticky":false,"template":"","format":"standard","meta":{"footnotes":"","_share_on_mastodon":"0"},"categories":[5],"tags":[5803,26,27,37,33,35,34,36,31,32,9251,21,1694,28,29,49662,19,25,107,23,24,262,22,52433,20,96,41267,30],"class_list":["post-141658","post","type-post","status-publish","format-standard","has-post-thumbnail","category-uldised-uudised","tag-arktika","tag-breaking-news","tag-breakingnews","tag-ee","tag-eesti","tag-eesti-keel","tag-estonia","tag-estonian","tag-featured-news","tag-featurednews","tag-fsb","tag-headlines","tag-laanemeri","tag-latest-news","tag-latestnews","tag-leningradi-oblast","tag-news","tag-populaarseimad-lood","tag-soda-ukrainas","tag-top-stories","tag-topstories","tag-ukraina","tag-uldised-uudised","tag-ust-luga","tag-uudised","tag-venemaa","tag-viiburi","tag-viimased-uudised"],"share_on_mastodon":{"url":"https:\/\/pubeurope.com\/@ee\/116318278966468244","error":""},"_links":{"self":[{"href":"https:\/\/www.europesays.com\/ee\/wp-json\/wp\/v2\/posts\/141658","targetHints":{"allow":["GET"]}}],"collection":[{"href":"https:\/\/www.europesays.com\/ee\/wp-json\/wp\/v2\/posts"}],"about":[{"href":"https:\/\/www.europesays.com\/ee\/wp-json\/wp\/v2\/types\/post"}],"author":[{"embeddable":true,"href":"https:\/\/www.europesays.com\/ee\/wp-json\/wp\/v2\/users\/2"}],"replies":[{"embeddable":true,"href":"https:\/\/www.europesays.com\/ee\/wp-json\/wp\/v2\/comments?post=141658"}],"version-history":[{"count":0,"href":"https:\/\/www.europesays.com\/ee\/wp-json\/wp\/v2\/posts\/141658\/revisions"}],"wp:featuredmedia":[{"embeddable":true,"href":"https:\/\/www.europesays.com\/ee\/wp-json\/wp\/v2\/media\/141659"}],"wp:attachment":[{"href":"https:\/\/www.europesays.com\/ee\/wp-json\/wp\/v2\/media?parent=141658"}],"wp:term":[{"taxonomy":"category","embeddable":true,"href":"https:\/\/www.europesays.com\/ee\/wp-json\/wp\/v2\/categories?post=141658"},{"taxonomy":"post_tag","embeddable":true,"href":"https:\/\/www.europesays.com\/ee\/wp-json\/wp\/v2\/tags?post=141658"}],"curies":[{"name":"wp","href":"https:\/\/api.w.org\/{rel}","templated":true}]}}