{"id":141683,"date":"2026-03-30T13:28:10","date_gmt":"2026-03-30T13:28:10","guid":{"rendered":"https:\/\/www.europesays.com\/ee\/141683\/"},"modified":"2026-03-30T13:28:10","modified_gmt":"2026-03-30T13:28:10","slug":"luureskandaal-%e2%9f%a9-eesti-pool-nimetab-oma-osa-ungari-spionaaziloos-valjamoeldiseks-maailm-postimees-ee","status":"publish","type":"post","link":"https:\/\/www.europesays.com\/ee\/141683\/","title":{"rendered":"LUURESKANDAAL? \u27e9 Eesti pool nimetab oma osa Ungari spionaa\u017eiloos v\u00e4ljam\u00f5eldiseks &#8211; Maailm &#8211; Postimees.ee"},"content":{"rendered":"<ol>\n<li><a href=\"https:\/\/news.google.com\/rss\/articles\/CBMiswFBVV95cUxPMUlpQ2lNM052cm9uVnR0VlhYQnJUanVuUl9zSVBvVHhHeU5mRUxSa3ZidnoteGxyRm1VMUFCMTRrMWVKV2Y1NTdJTUpjVjEySmJFNmpwLWhFVTBZRk1VY2FyYTIxQ3JLQVRNYnNxZWJWcDlKeU1ORGsyWFlzXzRTWnVXOWlsdjJOQzZfY3ljbTFlaldGeXcwRFdQZjNjVnVnZFhOcWVYMWFLOWw5eU5seUNnWQ?oc=5\" target=\"_blank\" rel=\"nofollow noopener\">LUURESKANDAAL? \u27e9 Eesti pool nimetab oma osa Ungari spionaa\u017eiloos v\u00e4ljam\u00f5eldiseks<\/a>&nbsp;&nbsp;Maailm &#8211; Postimees.ee<\/li>\n<li><a href=\"https:\/\/news.google.com\/rss\/articles\/CBMi3gFBVV95cUxNZjhuNlU1c3BPUkExZEsxY2tEbHFrRFVUVEhpVWt5NFlJRGp3M25vczItMGVEWVZESG9Jc29rVlAzb1BOVlNaa0V0RWp0cmtydXRfTzktWmpMR3FpUGdJWmwwVWQ2ZC1KNlU2Umc5S3pZbFBpb2lvSTk0ZXFHQUhoVXB3OVJ2UTZPcjYxZ1JPOF9seWV5YnFIdG5oNHpXSko5VDY4S0NmS2x3ZjZFdVdTUGlIOHFqSy1lVF83dE5NeXZhdE00NnFZc2RZeWl0Wlp5dlp2UERPeFoycmNYMUE?oc=5\" target=\"_blank\" rel=\"nofollow noopener\">Eesti tiriti Ungari valimiskampaaniasse. Riigi julgeolek levitab kuuldusi eestlastena esinenud luurajatest<\/a>&nbsp;&nbsp;Delfi<\/li>\n<li><a href=\"https:\/\/news.google.com\/rss\/articles\/CBMiuAFBVV95cUxOSzhGMkU0a3JHUFgwcWJUQVc5Z0dTT2FDaFdCSTB1MzNrMEh2NEZ0WFFzNXdaY3ZZTllCem5LZzN5SmpuNEVIM3hJLW1sQWY3QjhvMmFTek43NlJyYmpQUHh1WkdoellTRHJfaV9lQkU4UEJoOEdGT21mSjBGUXRtZDhpXzQzZFB0dlZ6emxOcGRwOWpIVXFNSG9pLTczVmV6ZjkwUDhiUTE2UGdIX0tzbWhoaGRrdVU0?oc=5\" target=\"_blank\" rel=\"nofollow noopener\">SPIOONISKANDAAL? K\u00fcberkaitsekeskus: igasugune seos Ungari juhtumiga on v\u00e4ljam\u00f5eldis<\/a>&nbsp;&nbsp;Maailm &#8211; Postimees.ee<\/li>\n<li><a href=\"https:\/\/news.google.com\/rss\/articles\/CBMiugFBVV95cUxQZ1NmUHIxXzFOMUFrdDhZM2xETVdBUzlRY3IzTS1sS3lobE42eUZEcmdMTFV6U0s5M016MkQxd2RaSFdpNFJ1LXB2NWZERG9xbk9oUmR0ODVlcFBhZXZRV1Izb0ZqNDhLZm1kTVdPa05sZXJZOXRTdWNreExrWUNjY3A0c0tSallTMmhoZm0xOU9kZnZWbHcyc3pHRjNycmFfMUp4dHJ0UmhWM2k2TThnOTcxRUdUUzNnd1E?oc=5\" target=\"_blank\" rel=\"nofollow noopener\">VALIMISKAMPAANIA \u27e9 Ungari julgeolek levitab v\u00e4iteid eestlastena esinenud luurajatest<\/a>&nbsp;&nbsp;Maailm &#8211; Postimees.ee<\/li>\n<\/ol>\n","protected":false},"excerpt":{"rendered":"LUURESKANDAAL? \u27e9 Eesti pool nimetab oma osa Ungari spionaa\u017eiloos v\u00e4ljam\u00f5eldiseks&nbsp;&nbsp;Maailm &#8211; Postimees.ee Eesti tiriti Ungari valimiskampaaniasse. Riigi julgeolek&hellip;\n","protected":false},"author":2,"featured_media":141684,"comment_status":"","ping_status":"","sticky":false,"template":"","format":"standard","meta":{"footnotes":"","_share_on_mastodon":"0"},"categories":[5],"tags":[26,27,37,33,35,34,36,31,32,7228,21,21640,28,29,19,25,33898,23,24,22,118,20,30],"class_list":["post-141683","post","type-post","status-publish","format-standard","has-post-thumbnail","category-uldised-uudised","tag-breaking-news","tag-breakingnews","tag-ee","tag-eesti","tag-eesti-keel","tag-estonia","tag-estonian","tag-featured-news","tag-featurednews","tag-fidesz","tag-headlines","tag-kuberkaitse","tag-latest-news","tag-latestnews","tag-news","tag-populaarseimad-lood","tag-tisza","tag-top-stories","tag-topstories","tag-uldised-uudised","tag-ungari","tag-uudised","tag-viimased-uudised"],"share_on_mastodon":{"url":"https:\/\/pubeurope.com\/@ee\/116318365528626237","error":""},"_links":{"self":[{"href":"https:\/\/www.europesays.com\/ee\/wp-json\/wp\/v2\/posts\/141683","targetHints":{"allow":["GET"]}}],"collection":[{"href":"https:\/\/www.europesays.com\/ee\/wp-json\/wp\/v2\/posts"}],"about":[{"href":"https:\/\/www.europesays.com\/ee\/wp-json\/wp\/v2\/types\/post"}],"author":[{"embeddable":true,"href":"https:\/\/www.europesays.com\/ee\/wp-json\/wp\/v2\/users\/2"}],"replies":[{"embeddable":true,"href":"https:\/\/www.europesays.com\/ee\/wp-json\/wp\/v2\/comments?post=141683"}],"version-history":[{"count":0,"href":"https:\/\/www.europesays.com\/ee\/wp-json\/wp\/v2\/posts\/141683\/revisions"}],"wp:featuredmedia":[{"embeddable":true,"href":"https:\/\/www.europesays.com\/ee\/wp-json\/wp\/v2\/media\/141684"}],"wp:attachment":[{"href":"https:\/\/www.europesays.com\/ee\/wp-json\/wp\/v2\/media?parent=141683"}],"wp:term":[{"taxonomy":"category","embeddable":true,"href":"https:\/\/www.europesays.com\/ee\/wp-json\/wp\/v2\/categories?post=141683"},{"taxonomy":"post_tag","embeddable":true,"href":"https:\/\/www.europesays.com\/ee\/wp-json\/wp\/v2\/tags?post=141683"}],"curies":[{"name":"wp","href":"https:\/\/api.w.org\/{rel}","templated":true}]}}