{"id":141778,"date":"2026-03-30T15:16:13","date_gmt":"2026-03-30T15:16:13","guid":{"rendered":"https:\/\/www.europesays.com\/ee\/141778\/"},"modified":"2026-03-30T15:16:13","modified_gmt":"2026-03-30T15:16:13","slug":"video-%e2%9f%a9-norra-meistriks-kroonitud-petter-northug-pohjustas-ajaloo-suurima-skandaali","status":"publish","type":"post","link":"https:\/\/www.europesays.com\/ee\/141778\/","title":{"rendered":"VIDEO \u27e9 Norra meistriks kroonitud Petter Northug p\u00f5hjustas \u00abajaloo suurima\u00bb skandaali"},"content":{"rendered":"<p>Skandaal tekkis sellest, et Northug t\u00f5ukas \u00fchel hetkel vastastiimi kuulunud Edvard Sandvik pikali, kui too j\u00e4i tema paremale k\u00e4ele. Juhtum mahtus ilusti ka telepilti.<\/p>\n<p class=\"paragraph\">Norra TV2 suusaekspert Petter Skinstad r\u00e4\u00e4kis p\u00e4rast, et ootas Northugi diskvalifitseerimist, kuid \u017e\u00fcrii andis suusalegendile andeks. \u00abSee on Norra suusatamise ajaloo \u00fcks suuremaid skandaale!\u00bb teatas Skinstad.<\/p>\n<blockquote class=\"twitter-tweet\" data-media-max-width=\"560\">\n<p lang=\"no\" dir=\"ltr\">P\u00e5 disse bildene ser man mye tydeligere at det er Sandvik selv som er skyld i situasjonen. Jeg synes Skinstad b\u00f8r beklage seg for at han \u00f8dela en del av seeropplevelsen og gleden med det ekstremt imponerende l\u00f8pet til Northug gutta! <a href=\"https:\/\/t.co\/u33eEyDMjf\" rel=\"nofollow\">pic.twitter.com\/u33eEyDMjf<\/a><\/p>\n<p>\u2014 Kent Olsrud (@OlsrudKent96) <a href=\"https:\/\/twitter.com\/OlsrudKent96\/status\/2037637702758125961?ref_src=twsrc%5Etfw\" rel=\"nofollow noopener\" target=\"_blank\">March 27, 2026<\/a><\/p><\/blockquote>\n<p class=\"paragraph\">\u017d\u00fcrii esimees Tornbj\u00f6rn Pettesen lausus aga, et kuigi Northug l\u00e4ks oma teoga hallile alale, siis ta ei eksinud reeglite vastu.<\/p>\n<p class=\"paragraph\">\u00abJah, tegu ei n\u00e4inud k\u00f5ige parem v\u00e4lja, aga Petter \u00fcritas lihtsalt oma kohta hoida rajal. Ta v\u00f5ib-olla kaldus liiga palju ja ka k\u00e4ega l\u00fckkamine ei n\u00e4e hea v\u00e4lja, aga juhtum polnud nii hull, kui esialgu tundus,\u00bb selgitas Pettesen.<\/p>\n<p class=\"paragraph\">Northug s\u00fc\u00fcdistas juhtunus aga Sandviki. \u00abHoidsin lihtsalt oma kohta, kui ta \u00fcritas rada l\u00f5igates minust m\u00f6\u00f6da minna. Tema k\u00e4ik oli idiootne,\u00bb p\u00f5rutas suusalegend. \u00abPidin talle n\u00e4itama, kes on peremees.\u00bb<\/p>\n<p class=\"paragraph\">40-aastane Northug v\u00f5istles viimati MK-sarjas 2017. aastal. Ta on hiljemgi soovinud sellele tasemele t\u00f5usta, kuid pole mahtunud Norra koondisesse.<\/p>\n<p><script async src=\"https:\/\/platform.twitter.com\/widgets.js\" charset=\"utf-8\"><\/script><\/p>\n","protected":false},"excerpt":{"rendered":"Skandaal tekkis sellest, et Northug t\u00f5ukas \u00fchel hetkel vastastiimi kuulunud Edvard Sandvik pikali, kui too j\u00e4i tema paremale&hellip;\n","protected":false},"author":2,"featured_media":141779,"comment_status":"","ping_status":"","sticky":false,"template":"","format":"standard","meta":{"footnotes":"","_share_on_mastodon":"0"},"categories":[18],"tags":[37,33,35,34,36,44071,3023,29642,15746,159,158],"class_list":["post-141778","post","type-post","status-publish","format-standard","has-post-thumbnail","category-sport","tag-ee","tag-eesti","tag-eesti-keel","tag-estonia","tag-estonian","tag-murdmaa","tag-murdmaasuustamine","tag-petter-northug","tag-skandaal","tag-sport","tag-sports"],"share_on_mastodon":{"url":"https:\/\/pubeurope.com\/@ee\/116318790713482497","error":""},"_links":{"self":[{"href":"https:\/\/www.europesays.com\/ee\/wp-json\/wp\/v2\/posts\/141778","targetHints":{"allow":["GET"]}}],"collection":[{"href":"https:\/\/www.europesays.com\/ee\/wp-json\/wp\/v2\/posts"}],"about":[{"href":"https:\/\/www.europesays.com\/ee\/wp-json\/wp\/v2\/types\/post"}],"author":[{"embeddable":true,"href":"https:\/\/www.europesays.com\/ee\/wp-json\/wp\/v2\/users\/2"}],"replies":[{"embeddable":true,"href":"https:\/\/www.europesays.com\/ee\/wp-json\/wp\/v2\/comments?post=141778"}],"version-history":[{"count":0,"href":"https:\/\/www.europesays.com\/ee\/wp-json\/wp\/v2\/posts\/141778\/revisions"}],"wp:featuredmedia":[{"embeddable":true,"href":"https:\/\/www.europesays.com\/ee\/wp-json\/wp\/v2\/media\/141779"}],"wp:attachment":[{"href":"https:\/\/www.europesays.com\/ee\/wp-json\/wp\/v2\/media?parent=141778"}],"wp:term":[{"taxonomy":"category","embeddable":true,"href":"https:\/\/www.europesays.com\/ee\/wp-json\/wp\/v2\/categories?post=141778"},{"taxonomy":"post_tag","embeddable":true,"href":"https:\/\/www.europesays.com\/ee\/wp-json\/wp\/v2\/tags?post=141778"}],"curies":[{"name":"wp","href":"https:\/\/api.w.org\/{rel}","templated":true}]}}