{"id":141885,"date":"2026-03-30T17:20:13","date_gmt":"2026-03-30T17:20:13","guid":{"rendered":"https:\/\/www.europesays.com\/ee\/141885\/"},"modified":"2026-03-30T17:20:13","modified_gmt":"2026-03-30T17:20:13","slug":"saksamaa-inflatsioon-naitab-kiirenemise-marke-valismaa","status":"publish","type":"post","link":"https:\/\/www.europesays.com\/ee\/141885\/","title":{"rendered":"Saksamaa inflatsioon n\u00e4itab kiirenemise m\u00e4rke | V\u00e4lismaa"},"content":{"rendered":"<p>Energiahindade t\u00f5usu t\u00f5ttu kiirenes inflatsioon m\u00e4rtsis neljas Saksamaa liidumaal v\u00e4hemalt 2,5 protsendini. Viimased andmed viitavad, et ka \u00fcleriigiliselt sai Saksamaal hinnat\u00f5us taas hoo sisse.<\/p>\n<p>P\u00f5hja-Rein-Vestfaalis kiirenes m\u00e4rtsis aastainflatsioon 2,7 protsendini, veel veebruaris oli see 1,8 protsenti. Baieris kiirenes inflatsioon 2,8 protsendini, Baden-W\u00fcrttembergis 2,5 protsendini ja Alam-Saksi liidumaal 2,6 protsendini, vahendas Reuters.\u00a0<\/p>\n<p>Reutersi k\u00fcsitletud majandusteadlased eeldavad, et m\u00e4rtsis kiireneb inflatsioon Saksamaal 2,8 protsendini. Veebruaris oli see 2,0 protsenti.\u00a0<\/p>\n<p>Finantsfirma Berenberg Banki \u00f6konomist Holger Schmieding \u00fctles, et kuigi praegu p\u00f5hjustab hindade t\u00f5usu energiakriis, siis on vaid aja k\u00fcsimus, millal Iraani s\u00f5da toob kaasa laiema hinnat\u00f5usu.\u00a0<\/p>\n<p>&#8220;Toiduhinnad v\u00f5ivad v\u00e4etisepuuduse t\u00f5ttu aja jooksul t\u00f5usta ja suuremad transpordikulud avaldavad m\u00f5ju paljudele sektoritele,&#8221; \u00fctles Schmieding. Ta lisas, et kui konflikt j\u00e4\u00e4b venima, siis inflatsioon v\u00f5ib \u00fcletada kolme protsendi piiri.\u00a0<\/p>\n<p>Ifo instituudi majandusteadlaste uuringu kohaselt kavatsevad Saksa firmad s\u00f5ja t\u00f5ttu hindu oluliselt t\u00f5sta.\u00a0<\/p>\n<p>&#8220;K\u00f5rgemad tootmis- ja transpordikulud t\u00f5stavad ka kaupade ja teenuste hindu,&#8221; t\u00f5des Ifo juht Klaus Wohlrabe.<\/p>\n","protected":false},"excerpt":{"rendered":"Energiahindade t\u00f5usu t\u00f5ttu kiirenes inflatsioon m\u00e4rtsis neljas Saksamaa liidumaal v\u00e4hemalt 2,5 protsendini. Viimased andmed viitavad, et ka \u00fcleriigiliselt&hellip;\n","protected":false},"author":2,"featured_media":141886,"comment_status":"","ping_status":"","sticky":false,"template":"","format":"standard","meta":{"footnotes":"","_share_on_mastodon":"0"},"categories":[12],"tags":[26,27,37,33,35,49111,34,36,31,32,21,3722,1925,28,29,57799,19,25,51,1049,23,24,398,22,20,30],"class_list":["post-141885","post","type-post","status-publish","format-standard","has-post-thumbnail","category-eesti","tag-breaking-news","tag-breakingnews","tag-ee","tag-eesti","tag-eesti-keel","tag-energiahinnad","tag-estonia","tag-estonian","tag-featured-news","tag-featurednews","tag-headlines","tag-inflatsioon","tag-iraan","tag-latest-news","tag-latestnews","tag-liidumaa","tag-news","tag-populaarseimad-lood","tag-saksamaa","tag-soda","tag-top-stories","tag-topstories","tag-transport","tag-uldised-uudised","tag-uudised","tag-viimased-uudised"],"share_on_mastodon":{"url":"https:\/\/pubeurope.com\/@ee\/116319277738912067","error":""},"_links":{"self":[{"href":"https:\/\/www.europesays.com\/ee\/wp-json\/wp\/v2\/posts\/141885","targetHints":{"allow":["GET"]}}],"collection":[{"href":"https:\/\/www.europesays.com\/ee\/wp-json\/wp\/v2\/posts"}],"about":[{"href":"https:\/\/www.europesays.com\/ee\/wp-json\/wp\/v2\/types\/post"}],"author":[{"embeddable":true,"href":"https:\/\/www.europesays.com\/ee\/wp-json\/wp\/v2\/users\/2"}],"replies":[{"embeddable":true,"href":"https:\/\/www.europesays.com\/ee\/wp-json\/wp\/v2\/comments?post=141885"}],"version-history":[{"count":0,"href":"https:\/\/www.europesays.com\/ee\/wp-json\/wp\/v2\/posts\/141885\/revisions"}],"wp:featuredmedia":[{"embeddable":true,"href":"https:\/\/www.europesays.com\/ee\/wp-json\/wp\/v2\/media\/141886"}],"wp:attachment":[{"href":"https:\/\/www.europesays.com\/ee\/wp-json\/wp\/v2\/media?parent=141885"}],"wp:term":[{"taxonomy":"category","embeddable":true,"href":"https:\/\/www.europesays.com\/ee\/wp-json\/wp\/v2\/categories?post=141885"},{"taxonomy":"post_tag","embeddable":true,"href":"https:\/\/www.europesays.com\/ee\/wp-json\/wp\/v2\/tags?post=141885"}],"curies":[{"name":"wp","href":"https:\/\/api.w.org\/{rel}","templated":true}]}}