{"id":141974,"date":"2026-03-30T19:41:18","date_gmt":"2026-03-30T19:41:18","guid":{"rendered":"https:\/\/www.europesays.com\/ee\/141974\/"},"modified":"2026-03-30T19:41:18","modified_gmt":"2026-03-30T19:41:18","slug":"suri-jaapurjetamise-suurkuju-vello-jurjo","status":"publish","type":"post","link":"https:\/\/www.europesays.com\/ee\/141974\/","title":{"rendered":"Suri j\u00e4\u00e4purjetamise suurkuju Vello J\u00fcrjo"},"content":{"rendered":"<p>J\u00e4\u00e4purjetamise DN-klassi maailmameistriv\u00f5istlustel teenis J\u00fcrjo 1974. aastal 6. koha, 1973. aasta Euroopa meistriv\u00f5istlustel pronksmedali ning 1985. aastal sai ta Euroopa karikav\u00f5istlustel aastal 8. koha.<\/p>\n<p>Monot\u00fc\u00fcp XV klassis teenis ta EMil kuldmedalid aastatel 1997, 1998, 2004 ja 2011 ning veel lisaks kaks h\u00f5bedat ja neli pronksi. J\u00fcrjol on erinevates paadiklassides meistritiitleid ja medaleid nii NSV Liidu kui ka Eesti meistriv\u00f5istlustelt. <\/p>\n<p>\u201eVello oli mees, kelle elu oli lahutamatult seotud tuule, j\u00e4\u00e4 ja merega. Ta ei olnud lihtsalt sportlane \u2013 ta oli looja, ehitaja ja \u00f5petaja, kes p\u00fchendas oma elu purjetamisele ja j\u00e4\u00e4purjetamise arengule. <\/p>\n<p>\u201eTema k\u00e4te all valmisid k\u00fcmned j\u00e4\u00e4purjekad ning tema teadmised ja kirg kandsid edasi terve p\u00f5lvkonna purjetajaid. Tema sportlaskarj\u00e4\u00e4r oli erakordselt pikk ja tulemuslik ning tema nimi on j\u00e4\u00e4dvustatud Eesti ja rahvusvahelise purjetamise ajalukku.\u201c<\/p>\n<p>\u201eAga ennek\u00f5ike j\u00e4\u00e4b Vello meelde inimesena \u2013 mehena, kes uskus, et kirg ei k\u00fcsi vanust ja et tuul ning j\u00e4\u00e4 annavad elule t\u00e4henduse. Tema p\u00fchendumus, visadus ja rahulik kindlus olid eeskujuks paljudele ning tema m\u00f5ju Eesti purjetamisele on hindamatu.\u201c<\/p>\n<p>Kuidas see lugu Sind end tundma pani? Saada <\/p>\n","protected":false},"excerpt":{"rendered":"J\u00e4\u00e4purjetamise DN-klassi maailmameistriv\u00f5istlustel teenis J\u00fcrjo 1974. aastal 6. koha, 1973. aasta Euroopa meistriv\u00f5istlustel pronksmedali ning 1985. aastal sai&hellip;\n","protected":false},"author":2,"featured_media":141975,"comment_status":"","ping_status":"","sticky":false,"template":"","format":"standard","meta":{"footnotes":"","_share_on_mastodon":"0"},"categories":[18],"tags":[37,33,35,34,36,159,158,65020],"class_list":["post-141974","post","type-post","status-publish","format-standard","has-post-thumbnail","category-sport","tag-ee","tag-eesti","tag-eesti-keel","tag-estonia","tag-estonian","tag-sport","tag-sports","tag-vello-jurjo"],"share_on_mastodon":{"url":"https:\/\/pubeurope.com\/@ee\/116319832220543806","error":""},"_links":{"self":[{"href":"https:\/\/www.europesays.com\/ee\/wp-json\/wp\/v2\/posts\/141974","targetHints":{"allow":["GET"]}}],"collection":[{"href":"https:\/\/www.europesays.com\/ee\/wp-json\/wp\/v2\/posts"}],"about":[{"href":"https:\/\/www.europesays.com\/ee\/wp-json\/wp\/v2\/types\/post"}],"author":[{"embeddable":true,"href":"https:\/\/www.europesays.com\/ee\/wp-json\/wp\/v2\/users\/2"}],"replies":[{"embeddable":true,"href":"https:\/\/www.europesays.com\/ee\/wp-json\/wp\/v2\/comments?post=141974"}],"version-history":[{"count":0,"href":"https:\/\/www.europesays.com\/ee\/wp-json\/wp\/v2\/posts\/141974\/revisions"}],"wp:featuredmedia":[{"embeddable":true,"href":"https:\/\/www.europesays.com\/ee\/wp-json\/wp\/v2\/media\/141975"}],"wp:attachment":[{"href":"https:\/\/www.europesays.com\/ee\/wp-json\/wp\/v2\/media?parent=141974"}],"wp:term":[{"taxonomy":"category","embeddable":true,"href":"https:\/\/www.europesays.com\/ee\/wp-json\/wp\/v2\/categories?post=141974"},{"taxonomy":"post_tag","embeddable":true,"href":"https:\/\/www.europesays.com\/ee\/wp-json\/wp\/v2\/tags?post=141974"}],"curies":[{"name":"wp","href":"https:\/\/api.w.org\/{rel}","templated":true}]}}