{"id":141976,"date":"2026-03-30T19:43:12","date_gmt":"2026-03-30T19:43:12","guid":{"rendered":"https:\/\/www.europesays.com\/ee\/141976\/"},"modified":"2026-03-30T19:43:12","modified_gmt":"2026-03-30T19:43:12","slug":"meelis-oidsalu-%e2%9f%a9-norga-droonikaitse-strateegilised-tagajarjed-postimees","status":"publish","type":"post","link":"https:\/\/www.europesays.com\/ee\/141976\/","title":{"rendered":"MEELIS OIDSALU \u27e9 N\u00f5rga droonikaitse strateegilised tagaj\u00e4rjed &#8211; Postimees"},"content":{"rendered":"<ol>\n<li><a href=\"https:\/\/news.google.com\/rss\/articles\/CBMinAFBVV95cUxOVzlXUnB6WVhxb0NqR0JxUl9ZbUVta005LXRrcFQwU01pQ2p6ZExmZHBwZU1KOHdCUERRMkFxVk5EUEtXbWljT0FWQThOZ3RIb0tQOVJKYVFtWFllLTRSdVp1Zm52WnQySVVOMDg3UDNfVjJyTmdOUkl5SzJib3BZNWUxdHhmaEJ5aWJYV2UtOHpOdURTeXZqU25id04?oc=5\" target=\"_blank\" rel=\"nofollow noopener\">MEELIS OIDSALU \u27e9 N\u00f5rga droonikaitse strateegilised tagaj\u00e4rjed<\/a>&nbsp;&nbsp;Postimees<\/li>\n<li><a href=\"https:\/\/news.google.com\/rss\/articles\/CBMiP0FVX3lxTE1WLUJjaDlYY1JfZE9yWk5yQXNNRmVrZ3BDb2hnOEtodGNucjFYY2FrTThnai1WUVpnTVEwb29Tdw?oc=5\" target=\"_blank\" rel=\"nofollow noopener\">Merzi s\u00f5nul peaks 80 protsenti s\u00fc\u00fcrlastest naasma kodumaale<\/a>&nbsp;&nbsp;Uudis.net<\/li>\n<li><a href=\"https:\/\/news.google.com\/rss\/articles\/CBMitAFBVV95cUxNXzdxNzQ3RjlpTGlWTTBxWnhrOVNUNlhLOWNNc3VmbktHSHZvQm52TzVCbkc5SWd0dmt6RnR2Zy1CR3IwcG1hNjdmamNrNGZBUGx2anNmdHdlYzJQQlZMUmhkZHZIQ2IzMkFxYmxIQU5scEpwMFNqaXlBZEw0UjBjSXMtRW9LZEpxeGFoWjZ5LXVQWC1XMTBiWW9zalJhaXczNmxaTWZiUERvcGhYQ1ZXaDlHX3I?oc=5\" target=\"_blank\" rel=\"nofollow noopener\">M\u00dc\u00dcRIST J\u00c4\u00c4B V\u00c4HEKS: Euroopa alles otsib t\u00f5husat droonit\u00f5rjet, mis mujal juba t\u00f6\u00f6tab<\/a>&nbsp;&nbsp;\u00d5htuleht<\/li>\n<li><a href=\"https:\/\/news.google.com\/rss\/articles\/CBMiP0FVX3lxTE9KdGttOEhPSHZjYk00OTdNa2RYQkNhOFFiSmR4b0k0R2ZGUFNETUVoY3BGLS1oLTZXelVhZ085Yw?oc=5\" target=\"_blank\" rel=\"nofollow noopener\">Meelis Oidsalu: droonis\u00f5jas on iseenesest midagi v\u00e4ga h\u00e4irivat<\/a>&nbsp;&nbsp;Uudis.net<\/li>\n<\/ol>\n","protected":false},"excerpt":{"rendered":"MEELIS OIDSALU \u27e9 N\u00f5rga droonikaitse strateegilised tagaj\u00e4rjed&nbsp;&nbsp;Postimees Merzi s\u00f5nul peaks 80 protsenti s\u00fc\u00fcrlastest naasma kodumaale&nbsp;&nbsp;Uudis.net M\u00dc\u00dcRIST J\u00c4\u00c4B V\u00c4HEKS:&hellip;\n","protected":false},"author":2,"featured_media":141977,"comment_status":"","ping_status":"","sticky":false,"template":"","format":"standard","meta":{"footnotes":"","_share_on_mastodon":"0"},"categories":[80],"tags":[6628,26,27,2413,37,33,35,34,36,31,32,21,65370,56098,28,29,95,65371,19,25,65368,23,24,22,65369,20,30,92,93,94],"class_list":["post-141976","post","type-post","status-publish","format-standard","has-post-thumbnail","category-maailm","tag-atacms","tag-breaking-news","tag-breakingnews","tag-droonitorje","tag-ee","tag-eesti","tag-eesti-keel","tag-estonia","tag-estonian","tag-featured-news","tag-featurednews","tag-headlines","tag-hormuzi-vaina-sulgemine","tag-iraani-soda","tag-latest-news","tag-latestnews","tag-maailm","tag-nato-heidutusvoime","tag-news","tag-populaarseimad-lood","tag-rusi-analuus","tag-top-stories","tag-topstories","tag-uldised-uudised","tag-ulitapse-moona-varud","tag-uudised","tag-viimased-uudised","tag-world","tag-world-news","tag-worldnews"],"share_on_mastodon":{"url":"https:\/\/pubeurope.com\/@ee\/116319840111562773","error":""},"_links":{"self":[{"href":"https:\/\/www.europesays.com\/ee\/wp-json\/wp\/v2\/posts\/141976","targetHints":{"allow":["GET"]}}],"collection":[{"href":"https:\/\/www.europesays.com\/ee\/wp-json\/wp\/v2\/posts"}],"about":[{"href":"https:\/\/www.europesays.com\/ee\/wp-json\/wp\/v2\/types\/post"}],"author":[{"embeddable":true,"href":"https:\/\/www.europesays.com\/ee\/wp-json\/wp\/v2\/users\/2"}],"replies":[{"embeddable":true,"href":"https:\/\/www.europesays.com\/ee\/wp-json\/wp\/v2\/comments?post=141976"}],"version-history":[{"count":0,"href":"https:\/\/www.europesays.com\/ee\/wp-json\/wp\/v2\/posts\/141976\/revisions"}],"wp:featuredmedia":[{"embeddable":true,"href":"https:\/\/www.europesays.com\/ee\/wp-json\/wp\/v2\/media\/141977"}],"wp:attachment":[{"href":"https:\/\/www.europesays.com\/ee\/wp-json\/wp\/v2\/media?parent=141976"}],"wp:term":[{"taxonomy":"category","embeddable":true,"href":"https:\/\/www.europesays.com\/ee\/wp-json\/wp\/v2\/categories?post=141976"},{"taxonomy":"post_tag","embeddable":true,"href":"https:\/\/www.europesays.com\/ee\/wp-json\/wp\/v2\/tags?post=141976"}],"curies":[{"name":"wp","href":"https:\/\/api.w.org\/{rel}","templated":true}]}}