{"id":142318,"date":"2026-03-31T07:41:13","date_gmt":"2026-03-31T07:41:13","guid":{"rendered":"https:\/\/www.europesays.com\/ee\/142318\/"},"modified":"2026-03-31T07:41:13","modified_gmt":"2026-03-31T07:41:13","slug":"kesk-eesti-taevalaotuses-kuulutati-oosel-loetud-tundideks-valja-ohuhaire","status":"publish","type":"post","link":"https:\/\/www.europesays.com\/ee\/142318\/","title":{"rendered":"Kesk-Eesti taevalaotuses kuulutati \u00f6\u00f6sel loetud tundideks v\u00e4lja \u00f5huh\u00e4ire"},"content":{"rendered":"<p>Kaitsev\u00e4gi tuvastas nii Eesti \u00f5huruumist v\u00e4ljas- kui seespool potentsiaalselt ohtliku \u00f5hutegevuse, mille t\u00f5ttu saadeti v\u00e4lja ennetav ohuteavitus ehk r\u00f5hutati inimesi valvsusele ja drooni n\u00e4hes varjumisele.<\/p>\n<p>Tegemist ei olnud \u00f5ppusega. Kella 6 paiku anti teada, et v\u00f5imalikku ohtu kujutav olukord on m\u00f6\u00f6das.<\/p>\n<p class=\"x_MsoNormal\">Lisainfo<\/p>\n<p class=\"x_MsoNormal\">\u00d5huohu n\u00e4ol oli tegemist droonidega, mis j\u00f5udsid Eesti piiride vahetusse l\u00e4hedusse ning \u00fcksiti ka Eesti \u00f5huruumi. Drooniohule reageerisid ka NATO Balti \u00f5huturbemissiooni raames Eesti \u00f5huruumi valvavad liitlaste h\u00e4vitajad.<\/p>\n<p class=\"x_MsoNormal\">Esialgse hinnangu kohaselt oli tegemist Ukraina droonidega, mis sattusid Eesti \u00f5huruumi tahtmatult, olles osa Venemaa suunal korraldatud \u00f6isest \u00f5hur\u00fcnnakust. Sellised intsidendid on otsene k\u00f5rvalm\u00f5ju Venemaa t\u00e4iemahulisele agressioonis\u00f5jale Ukraina vastu alates 2022. aasta veebruarist.<\/p>\n<p>Olukorra muutustest antakse teada. Lisainfo <a target=\"_blank\" rel=\"noopener noreferrer nofollow\" href=\"https:\/\/l.facebook.com\/l.php?u=http%3A%2F%2Fkriis.ee%2F%3Ffbclid%3DIwZXh0bgNhZW0CMTAAYnJpZBEwc2loeThmZWdSQmFrSkMyRnNydGMGYXBwX2lkEDIyMjAzOTE3ODgyMDA4OTIAAR7e_qZ9LjwqrgDRnJkqqePc7QkNprHyK3MKNOme7XnXjzdWkNM52drhJKVoSw_aem_7sKqWXufH9gGNpZ9-fScqA&amp;h=AT6y5kmk7ljpUYl6cnGeue9-KHQgFtcjURWjTc-lIHR8Jf58yIePcF0x4v7cgTM9Ikr1WUihXzWTGVkHgHKqGPfiQgEVBwh2HJwOiWlAF4Rz1PVs9A5NF_lM1V5E7rJ_YGULTENphlbtSybJ&amp;__tn__=-UK-R&amp;c%5B0%5D=AT7ApzFCSgfSLS9yFUM2MhkHZKbHHkiVeBqAVSK8rt2aa_LIm0w1AMLeX7dBPZMJDcgxvnxGcofEAgOmWiRz4qekqOnqtoKr_rzHiqIFR1tyihClHhFpzDwRW0uV037QBtXvcR4DSg7JE24mXoNvI5ZX4z0OAmfTUvmEdSELNovYciIDC0YvIiXcXo2Cm6p7nxaqFdrh0vuxssvFP-uPS_C1nJYogIE\">kriis.ee<\/a> ja 1247.<\/p>\n","protected":false},"excerpt":{"rendered":"Kaitsev\u00e4gi tuvastas nii Eesti \u00f5huruumist v\u00e4ljas- kui seespool potentsiaalselt ohtliku \u00f5hutegevuse, mille t\u00f5ttu saadeti v\u00e4lja ennetav ohuteavitus ehk&hellip;\n","protected":false},"author":2,"featured_media":142319,"comment_status":"","ping_status":"","sticky":false,"template":"","format":"standard","meta":{"footnotes":"","_share_on_mastodon":"0"},"categories":[12],"tags":[26,27,404,1274,1276,6408,37,33,35,34,36,31,32,21,28,29,4630,19,25,2255,23,24,22,20,30],"class_list":["post-142318","post","type-post","status-publish","format-standard","has-post-thumbnail","category-eesti","tag-breaking-news","tag-breakingnews","tag-droon","tag-droonid","tag-droonifoto","tag-droonisoda","tag-ee","tag-eesti","tag-eesti-keel","tag-estonia","tag-estonian","tag-featured-news","tag-featurednews","tag-headlines","tag-latest-news","tag-latestnews","tag-luuredroon","tag-news","tag-populaarseimad-lood","tag-rundedroon","tag-top-stories","tag-topstories","tag-uldised-uudised","tag-uudised","tag-viimased-uudised"],"share_on_mastodon":{"url":"https:\/\/pubeurope.com\/@ee\/116322663424394168","error":""},"_links":{"self":[{"href":"https:\/\/www.europesays.com\/ee\/wp-json\/wp\/v2\/posts\/142318","targetHints":{"allow":["GET"]}}],"collection":[{"href":"https:\/\/www.europesays.com\/ee\/wp-json\/wp\/v2\/posts"}],"about":[{"href":"https:\/\/www.europesays.com\/ee\/wp-json\/wp\/v2\/types\/post"}],"author":[{"embeddable":true,"href":"https:\/\/www.europesays.com\/ee\/wp-json\/wp\/v2\/users\/2"}],"replies":[{"embeddable":true,"href":"https:\/\/www.europesays.com\/ee\/wp-json\/wp\/v2\/comments?post=142318"}],"version-history":[{"count":0,"href":"https:\/\/www.europesays.com\/ee\/wp-json\/wp\/v2\/posts\/142318\/revisions"}],"wp:featuredmedia":[{"embeddable":true,"href":"https:\/\/www.europesays.com\/ee\/wp-json\/wp\/v2\/media\/142319"}],"wp:attachment":[{"href":"https:\/\/www.europesays.com\/ee\/wp-json\/wp\/v2\/media?parent=142318"}],"wp:term":[{"taxonomy":"category","embeddable":true,"href":"https:\/\/www.europesays.com\/ee\/wp-json\/wp\/v2\/categories?post=142318"},{"taxonomy":"post_tag","embeddable":true,"href":"https:\/\/www.europesays.com\/ee\/wp-json\/wp\/v2\/tags?post=142318"}],"curies":[{"name":"wp","href":"https:\/\/api.w.org\/{rel}","templated":true}]}}