{"id":142384,"date":"2026-03-31T08:57:08","date_gmt":"2026-03-31T08:57:08","guid":{"rendered":"https:\/\/www.europesays.com\/ee\/142384\/"},"modified":"2026-03-31T08:57:08","modified_gmt":"2026-03-31T08:57:08","slug":"trumpi-plaan-jatta-hormuzi-vain-suletuks-ja-runnak-dubais-lennutasid-kutusehinnad-tippu","status":"publish","type":"post","link":"https:\/\/www.europesays.com\/ee\/142384\/","title":{"rendered":"Trumpi plaan j\u00e4tta Hormuzi v\u00e4in suletuks ja r\u00fcnnak Dubais lennutasid k\u00fctusehinnad tippu"},"content":{"rendered":"<p><a rel=\"noopener nofollow\" target=\"_blank\" href=\"https:\/\/www.delfi.ee\/teema\/22971743\/usa\" tag-id=\"22971743\">USA<\/a> administratsiooni hinnangul pikendaks v\u00e4ina avamise missioon konflikti \u00fcle presidendi kavandatud nelja kuni kuue n\u00e4dala pikkuse ajakava. Kuigi USA rahandusminister Scott Bessent m\u00e4rgib, et turg on h\u00e4sti varustatud ja riigid s\u00f5lmivad <a rel=\"noopener nofollow\" target=\"_blank\" href=\"https:\/\/www.delfi.ee\/teema\/24129493\/iraan\" tag-id=\"24129493\">Iraaniga<\/a> eraldi kokkuleppeid, teeb olukord turgudele t\u00f5sist muret, kuna mida kauem v\u00e4in suletuks j\u00e4\u00e4b, seda enam raputab see globaalset majandust ja kergitab gaasihindu, kirjutab The Wall Street Journal.<\/p>\n<p>Brookingsi Instituudi ekspert Suzanne Maloney r\u00f5hutab olukorra t\u00f5sidust: \u201eEnergiaturud on olemuselt globaalsed ja ei ole mingit v\u00f5imalust isoleerida USA-d majanduslikust kahjust, mis juba toimub ja muutub eksponentsiaalselt hullemaks, kui v\u00e4ina sulgemine j\u00e4tkub.\u201c<\/p>\n<p>Toorainehinnad ja inflatsiooniriskid<\/p>\n<p>Hormuzi v\u00e4ina kaudu transporditakse umbes 20% maailma <a rel=\"noopener nofollow\" target=\"_blank\" href=\"https:\/\/www.delfi.ee\/teema\/96853800\/nafta-1\" tag-id=\"96853800\">naftatarnetest<\/a> ning 2024. aastal suundus 84% toornaftast ja 83% vedelgaasist (LNG) sealtkaudu <a rel=\"noopener nofollow\" target=\"_blank\" href=\"https:\/\/www.delfi.ee\/teema\/23103699\/aasia\" tag-id=\"23103699\">Aasia<\/a> turgudele. Piirkonna blokaad kergitas USA toornafta v\u00f5rdlushinna esmasp\u00e4eval \u00fcle 100 dollari barreli kohta. See on k\u00f5rgeim tase alates 2022. aastast. M\u00f5ned finantsanal\u00fc\u00fctikud prognoosivad, et nafta hind v\u00f5ib t\u00f5usta isegi 200 dollarini barreli kohta, kui h\u00e4ired veeteel osutuvad pikaajaliseks.<\/p>\n<p>Bloombergi teatel \u00fcletas USA bensiini keskmine jaehind esmasp\u00e4eval esimest korda p\u00e4rast 2022. aasta augustit nelja dollari piiri galloni kohta. Alates s\u00f5ja algusest on hinnad t\u00f5usnud enam kui \u00fche dollari v\u00f5rra. Samal ajal on <a rel=\"noopener nofollow\" target=\"_blank\" href=\"https:\/\/www.delfi.ee\/teema\/25138591\/euroopa\" tag-id=\"25138591\">Euroopa<\/a> maagaasi hind m\u00e4rtsis t\u00f5usnud umbes 70%, mis on suurim igakuine t\u00f5us enam kui nelja aasta jooksul.<\/p>\n<p>R\u00fcnnak tankerile s\u00fcvendab tarneahela probleeme<\/p>\n<p>Turgude ebakindlust s\u00fcvendas veelgi r\u00fcnnak, kui Iraan tabas Dubai sadama l\u00e4hedal t\u00e4islastis Kuveidi naftatankerit Al-Salmi. P\u00e4rast teadet r\u00fcnnakust h\u00fcppas USA nafta v\u00f5rdlushind WTI peaaegu 4% ja langes hiljem tagasi 103 dollari tasemele barreli kohta.<\/p>\n<p>Timera Energy anal\u00fc\u00fctikud hoiatavad oma m\u00e4rkuses: \u201eKonflikt on endiselt muutlik ja on olemas materiaalne oht edasiseks pakkumise v\u00e4henemiseks.\u201c Nende s\u00f5nul paneb teadmatus kaupade saadavuse osas hinnad p\u00f6\u00f6raselt h\u00fcppama ja viib turul ostjate ning m\u00fc\u00fcjate arvu alla<\/p>\n<p>Energian\u00f5ustamisgrupi FGE NexantECA esimees Fereidun Fesharaki hoiatab naftahindade j\u00e4rsu t\u00f5usu ohu eest ja seab kahtluse alla poliitiliste avalduste m\u00f5ju tegelikule turuolukorrale. \u201eTurg l\u00e4mbub ja hinnad l\u00e4hevad \u00fcles,\u201c \u00fctleb Fesharaki. \u201eEi oma t\u00e4htsust, mida president poliitilisel rindel \u00fctleb.\u201c<\/p>\n<p>Kuidas see lugu Sind end tundma pani? Saada <a href=\"https:\/\/arileht.delfi.ee\/a\/120564566\/trumpi-plaan-jatta-hormuzi-vain-suletuks-ja-runnak-dubais-lennutasid-kutusehinnad-tippu\/kommentaarid\" class=\"article-body-bottom__comment article-body-bottom__comment--write button button--primary button--size-auto\" rel=\"nofollow noopener\" target=\"_blank\"> Kommenteeri <\/a><a href=\"https:\/\/arileht.delfi.ee\/a\/120564566\/trumpi-plaan-jatta-hormuzi-vain-suletuks-ja-runnak-dubais-lennutasid-kutusehinnad-tippu\/kommentaarid\" class=\"article-body-bottom__comment article-body-bottom__comment--read button button--size-auto\" rel=\"nofollow noopener\" target=\"_blank\"> Loe kommentaare (12)<\/a><\/p>\n","protected":false},"excerpt":{"rendered":"USA administratsiooni hinnangul pikendaks v\u00e4ina avamise missioon konflikti \u00fcle presidendi kavandatud nelja kuni kuue n\u00e4dala pikkuse ajakava. Kuigi&hellip;\n","protected":false},"author":2,"featured_media":142385,"comment_status":"","ping_status":"","sticky":false,"template":"","format":"standard","meta":{"footnotes":"","_share_on_mastodon":"0"},"categories":[80],"tags":[1086,26,27,324,6515,37,33,35,34,36,112,31,32,21,46527,1925,55505,28,29,95,4257,19,25,7281,23,24,22,325,20,30,92,93,94],"class_list":["post-142384","post","type-post","status-publish","format-standard","has-post-thumbnail","category-maailm","tag-aasia","tag-breaking-news","tag-breakingnews","tag-donald-trump","tag-dubai","tag-ee","tag-eesti","tag-eesti-keel","tag-estonia","tag-estonian","tag-euroopa","tag-featured-news","tag-featurednews","tag-headlines","tag-hormuzi-vain","tag-iraan","tag-lahis-ida-soda","tag-latest-news","tag-latestnews","tag-maailm","tag-nafta","tag-news","tag-populaarseimad-lood","tag-tanker","tag-top-stories","tag-topstories","tag-uldised-uudised","tag-usa","tag-uudised","tag-viimased-uudised","tag-world","tag-world-news","tag-worldnews"],"share_on_mastodon":{"url":"https:\/\/pubeurope.com\/@ee\/116322962585418330","error":""},"_links":{"self":[{"href":"https:\/\/www.europesays.com\/ee\/wp-json\/wp\/v2\/posts\/142384","targetHints":{"allow":["GET"]}}],"collection":[{"href":"https:\/\/www.europesays.com\/ee\/wp-json\/wp\/v2\/posts"}],"about":[{"href":"https:\/\/www.europesays.com\/ee\/wp-json\/wp\/v2\/types\/post"}],"author":[{"embeddable":true,"href":"https:\/\/www.europesays.com\/ee\/wp-json\/wp\/v2\/users\/2"}],"replies":[{"embeddable":true,"href":"https:\/\/www.europesays.com\/ee\/wp-json\/wp\/v2\/comments?post=142384"}],"version-history":[{"count":0,"href":"https:\/\/www.europesays.com\/ee\/wp-json\/wp\/v2\/posts\/142384\/revisions"}],"wp:featuredmedia":[{"embeddable":true,"href":"https:\/\/www.europesays.com\/ee\/wp-json\/wp\/v2\/media\/142385"}],"wp:attachment":[{"href":"https:\/\/www.europesays.com\/ee\/wp-json\/wp\/v2\/media?parent=142384"}],"wp:term":[{"taxonomy":"category","embeddable":true,"href":"https:\/\/www.europesays.com\/ee\/wp-json\/wp\/v2\/categories?post=142384"},{"taxonomy":"post_tag","embeddable":true,"href":"https:\/\/www.europesays.com\/ee\/wp-json\/wp\/v2\/tags?post=142384"}],"curies":[{"name":"wp","href":"https:\/\/api.w.org\/{rel}","templated":true}]}}