{"id":142485,"date":"2026-03-31T11:27:07","date_gmt":"2026-03-31T11:27:07","guid":{"rendered":"https:\/\/www.europesays.com\/ee\/142485\/"},"modified":"2026-03-31T11:27:07","modified_gmt":"2026-03-31T11:27:07","slug":"nuud-on-kindel-%e2%9f%a9-terviseprobleemide-kaes-vaevelnud-celine-dion-teatas-oma-naasmisest-lavale","status":"publish","type":"post","link":"https:\/\/www.europesays.com\/ee\/142485\/","title":{"rendered":"N\u00dc\u00dcD ON KINDEL \u27e9 Terviseprobleemide k\u00e4es vaevelnud Celine Dion teatas oma naasmisest lavale"},"content":{"rendered":"<p>Kanada prantslannast laulja Celine Dion, kes varem oli haruldase neuroloogilise h\u00e4ire t\u00f5ttu esinemisest eemal, teatas kontsertide seeriast, mis toovad ta lavale tagasi.<\/p>\n<p class=\"MsoNormal\">Dion annab selle aasta septembris ja oktoobris Prantsusmaal Pariisis k\u00fcmme kontserti, selgus esineja teadaandest, mille ta 30. m\u00e4rtsil oma s\u00fcnnip\u00e4eval sotsiaalmeediasse postitas, teatab <a target=\"_blank\" rel=\"noopener noreferrer nofollow\" href=\"https:\/\/edition.cnn.com\/2026\/03\/30\/entertainment\/celine-dion-return-stage-paris\">CNN<\/a>.<\/p>\n","protected":false},"excerpt":{"rendered":"Kanada prantslannast laulja Celine Dion, kes varem oli haruldase neuroloogilise h\u00e4ire t\u00f5ttu esinemisest eemal, teatas kontsertide seeriast, mis&hellip;\n","protected":false},"author":2,"featured_media":142486,"comment_status":"","ping_status":"","sticky":false,"template":"","format":"standard","meta":{"footnotes":"","_share_on_mastodon":"0"},"categories":[84],"tags":[28657,65759,65760,37,33,35,173,34,36,65768,65753,5922,65751,65754,65756,65757,65755,140,215,144,65762,125,65767,65765,65752,65764,65766,65763,65761,328,65758],"class_list":["post-142485","post","type-post","status-publish","format-standard","has-post-thumbnail","category-muusika","tag-celine-dion","tag-courage-world-tour","tag-dokumentaalfilm-i-am-celine-dion","tag-ee","tag-eesti","tag-eesti-keel","tag-entertainment","tag-estonia","tag-estonian","tag-euroopa-turnee-edasilukkamine","tag-haruldane-neuroloogiline-haire","tag-instagram","tag-kanada-laulja","tag-kange-inimese-sundroom","tag-kontserdid-pariisis","tag-kontsertide-sari","tag-la-defense-arena","tag-meelelahutus","tag-music","tag-muusika","tag-neuroloogiline-sundroom","tag-pariis","tag-pariisi-suveolumpiamangude-avamine","tag-piletite-eelmuuk","tag-prantslannast-laulja","tag-privaatselt-ravimine","tag-spasmid","tag-stiff-person-syndrome","tag-tagasitulek-lavale","tag-tiktok","tag-tuhistatud-tuur"],"share_on_mastodon":{"url":"","error":"Validation failed: Text character limit of 500 exceeded"},"_links":{"self":[{"href":"https:\/\/www.europesays.com\/ee\/wp-json\/wp\/v2\/posts\/142485","targetHints":{"allow":["GET"]}}],"collection":[{"href":"https:\/\/www.europesays.com\/ee\/wp-json\/wp\/v2\/posts"}],"about":[{"href":"https:\/\/www.europesays.com\/ee\/wp-json\/wp\/v2\/types\/post"}],"author":[{"embeddable":true,"href":"https:\/\/www.europesays.com\/ee\/wp-json\/wp\/v2\/users\/2"}],"replies":[{"embeddable":true,"href":"https:\/\/www.europesays.com\/ee\/wp-json\/wp\/v2\/comments?post=142485"}],"version-history":[{"count":0,"href":"https:\/\/www.europesays.com\/ee\/wp-json\/wp\/v2\/posts\/142485\/revisions"}],"wp:featuredmedia":[{"embeddable":true,"href":"https:\/\/www.europesays.com\/ee\/wp-json\/wp\/v2\/media\/142486"}],"wp:attachment":[{"href":"https:\/\/www.europesays.com\/ee\/wp-json\/wp\/v2\/media?parent=142485"}],"wp:term":[{"taxonomy":"category","embeddable":true,"href":"https:\/\/www.europesays.com\/ee\/wp-json\/wp\/v2\/categories?post=142485"},{"taxonomy":"post_tag","embeddable":true,"href":"https:\/\/www.europesays.com\/ee\/wp-json\/wp\/v2\/tags?post=142485"}],"curies":[{"name":"wp","href":"https:\/\/api.w.org\/{rel}","templated":true}]}}