{"id":142513,"date":"2026-03-31T12:04:11","date_gmt":"2026-03-31T12:04:11","guid":{"rendered":"https:\/\/www.europesays.com\/ee\/142513\/"},"modified":"2026-03-31T12:04:11","modified_gmt":"2026-03-31T12:04:11","slug":"nba-tahaks-ikkagi-euroliigaga-koostood-teha-korvpall","status":"publish","type":"post","link":"https:\/\/www.europesays.com\/ee\/142513\/","title":{"rendered":"NBA tahaks ikkagi Euroliigaga koost\u00f6\u00f6d teha | Korvpall"},"content":{"rendered":"<p>Euroopa korvpalliturule siseneva P\u00f5hja-Ameerika korvpalliliiga NBA komisaar Adam Silver \u00fctles, et koost\u00f6\u00f6 olemasoleva Euroliigaga oleks ala tuleviku jaoks k\u00f5ige m\u00f5istlikum otsus.<\/p>\n<p>Eelmise aasta kevadel teatasid NBA ja rahvusvaheline korvpalliliit (FIBA), et on hakanud arutama \u00fchise Euroopa liiga loomist. Aasta jooksul selgitasid NBA ametnikud, et Euroopa korvpalliturg pole veel t\u00e4ielikult kaetud, seda just eriti Suurbritannia jalgpalliklubide juures.<\/p>\n<p>Teadaolevalt m\u00e4ngiks NBA Europe nime kandvas liigas 16 meeskonda ning esimese hooajaga plaanitakse algust teha 2027. aasta oktoobris.<\/p>\n<p>Euroopa suurim klubisari Euroliiga aga selle plaaniga v\u00e4ga rahul ei ole ja liiga juhid on v\u00f5tnud pigem kahtleva seisaku. NBA on valinud Euroliigast r\u00e4\u00e4kides pigem diplomaatilise vaatenurga ning keskendunud linnadele, kus suuri korvpalliklubisid veel ei ole.<\/p>\n<p>NBA komisaar Adam Silver pidas eelmisel n\u00e4dalal liiga investoritega kohtumise j\u00e4rel pressikonverentsi, milles v\u00e4ljendas taaskord, et P\u00f5hja-Ameerika hiiglase eesm\u00e4rk oleks Euroliigaga koost\u00f6\u00f6d teha. Sellele aitaks kaasa asjaolu, et Euroliiga valis jaanuari l\u00f5pus uueks tegevjuhiks Chus Bueno, kes t\u00f6\u00f6tas varasemalt NBA rahvusvahelise turu juhina.<\/p>\n<p>&#8220;Euroopa korvpalli jaoks oleks parim lahendus see, et me teeks seda Euroliigaga koos. Me oleme m\u00f5elnud v\u00e4lja s\u00fcstemaatilise l\u00e4henemise, kuidas korvpalli Euroopas kasvatada. See h\u00f5lmab riiklike liigade toetamist ning koost\u00f6\u00f6d Euroliiga ja ka FIBA-ga,&#8221; r\u00e4\u00e4kis Silver.<\/p>\n<p>31. m\u00e4rts t\u00e4histab t\u00e4htaega, mil NBA projekti investeerimisest huvitatud osapooled oma taotluse esitama peavad. Liigaga liitumiseks on klubidel vaja v\u00e4lja k\u00e4ia 500 miljonit dollarit, mida portaali <a href=\"https:\/\/www.eurohoops.net\/en\/trademarks\/1950107\/negotiations-between-the-nba-fiba-and-the-euroleague-to-start-again-and-the-scenario-of-a-24-team-competition\/\" target=\"_blank\" rel=\"noopener nofollow\">Eurohoops<\/a> andmeil \u00fckski Euroopa klubi maksta ei plaani. Lombitaguseid investoreid aga jagub ning peamiselt on sihikule v\u00f5etud just London, Rooma ja Pariis.<\/p>\n<p>2024. aastal tegi NBA Euroliigale pakkumise, mille raames oleks NBA saanud Euroliigas enamusosaluse. Tol ajal oli Euroliiga v\u00e4\u00e4rtuseks hinnatud \u00fcks miljard eurot, kuid liiga l\u00fckkas selle pakkumise kiirelt tagasi ning hiljuti hinnati liiga v\u00e4\u00e4rtust 3,2 miljardi euro v\u00e4\u00e4riliseks.<\/p>\n<p>Euroliiga juhatus koguneb 14. aprillil, et liiga tuleviku \u00fcle arutada. \u00dcheks teemaks on liigasse veel kahe meeskonna toomine, mille tulemusena l\u00e4heks liiga t\u00f5en\u00e4oliselt \u00fcle ka konverentside s\u00fcsteemile, mis on kasutusel ka NBA-s. Euroliiga uus tegevjuht kinnitas hiljuti La Gazzettale, et kaks Euroopa korvpallihiidu &#8211; Madridi Real ja Istanbuli Fenerbahce &#8211; pole liigaga lepingupikendust s\u00f5lminud ning on arutanud NBA Europe&#8217;iga liitumist. Bueno lisas, et Real on algusest peale NBA projektiga liitumisele m\u00f5elnud.<\/p>\n","protected":false},"excerpt":{"rendered":"Euroopa korvpalliturule siseneva P\u00f5hja-Ameerika korvpalliliiga NBA komisaar Adam Silver \u00fctles, et koost\u00f6\u00f6 olemasoleva Euroliigaga oleks ala tuleviku jaoks&hellip;\n","protected":false},"author":2,"featured_media":142514,"comment_status":"","ping_status":"","sticky":false,"template":"","format":"standard","meta":{"footnotes":"","_share_on_mastodon":"0"},"categories":[18],"tags":[5919,37,33,35,34,36,5918,4391,159,158],"class_list":["post-142513","post","type-post","status-publish","format-standard","has-post-thumbnail","category-sport","tag-adam-silver","tag-ee","tag-eesti","tag-eesti-keel","tag-estonia","tag-estonian","tag-korvpalli-euroliiga","tag-nba","tag-sport","tag-sports"],"share_on_mastodon":{"url":"https:\/\/pubeurope.com\/@ee\/116323697685379014","error":""},"_links":{"self":[{"href":"https:\/\/www.europesays.com\/ee\/wp-json\/wp\/v2\/posts\/142513","targetHints":{"allow":["GET"]}}],"collection":[{"href":"https:\/\/www.europesays.com\/ee\/wp-json\/wp\/v2\/posts"}],"about":[{"href":"https:\/\/www.europesays.com\/ee\/wp-json\/wp\/v2\/types\/post"}],"author":[{"embeddable":true,"href":"https:\/\/www.europesays.com\/ee\/wp-json\/wp\/v2\/users\/2"}],"replies":[{"embeddable":true,"href":"https:\/\/www.europesays.com\/ee\/wp-json\/wp\/v2\/comments?post=142513"}],"version-history":[{"count":0,"href":"https:\/\/www.europesays.com\/ee\/wp-json\/wp\/v2\/posts\/142513\/revisions"}],"wp:featuredmedia":[{"embeddable":true,"href":"https:\/\/www.europesays.com\/ee\/wp-json\/wp\/v2\/media\/142514"}],"wp:attachment":[{"href":"https:\/\/www.europesays.com\/ee\/wp-json\/wp\/v2\/media?parent=142513"}],"wp:term":[{"taxonomy":"category","embeddable":true,"href":"https:\/\/www.europesays.com\/ee\/wp-json\/wp\/v2\/categories?post=142513"},{"taxonomy":"post_tag","embeddable":true,"href":"https:\/\/www.europesays.com\/ee\/wp-json\/wp\/v2\/tags?post=142513"}],"curies":[{"name":"wp","href":"https:\/\/api.w.org\/{rel}","templated":true}]}}