{"id":142696,"date":"2026-03-31T16:30:08","date_gmt":"2026-03-31T16:30:08","guid":{"rendered":"https:\/\/www.europesays.com\/ee\/142696\/"},"modified":"2026-03-31T16:30:08","modified_gmt":"2026-03-31T16:30:08","slug":"times-putin-voib-iraani-toetamise-tottu-jaada-ilma-parsia-lahe-sopradest-valismaa","status":"publish","type":"post","link":"https:\/\/www.europesays.com\/ee\/142696\/","title":{"rendered":"Times: Putin v\u00f5ib Iraani toetamise t\u00f5ttu j\u00e4\u00e4da ilma P\u00e4rsia lahe s\u00f5pradest | V\u00e4lismaa"},"content":{"rendered":"<p>Venemaa liitlane Iraan j\u00e4tkab droonir\u00fcnnakuid P\u00e4rsia lahe riikide vastu ja A\u00dcE ja Saudi Araabia p\u00f6\u00f6rdusid abi saamiseks Ukraina poole. Ajaleht The Times hindab seet\u00f5ttu, et Venemaa toetus Iraanile kahjustab Moskva pikaaegseid suhteid P\u00e4rsia lahe naftariikidega.<\/p>\n<p>Venemaa oli 2022. aastal peaaegu t\u00e4ielikult isoleeritud. A\u00dcE liider Mohamed bin Zayed tegi sel ajal aga visiidi Moskvasse ja kohtus Vladimir Putiniga.\u00a0<\/p>\n<p><a href=\"https:\/\/www.thetimes.com\/world\/middle-east\/article\/putin-iran-gulf-uae-ukraine-war-sk7slvhgj\" target=\"_blank\" rel=\"noopener nofollow\">The Times<\/a> toob v\u00e4lja, et see s\u00f5prus pannakse n\u00fc\u00fcd proovile. A\u00dcE on koos teiste P\u00e4rsia lahe riikidega olnud kuu aega Iraani r\u00fcnnakute all. Briti ametnike s\u00f5nul kasutab Teheran Venemaalt saadud andmeid ning Moskva jagab Iraaniga oma droonir\u00fcnnakute kogemusi Ukrainas.<\/p>\n<p>Eelmisel n\u00e4dalal saabus P\u00e4rsia lahe piirkonda aga Putini verivaenlane Volod\u00f5m\u00f5r Zelenski. Ta s\u00f5lmis riikidega kaitselepingud ning lubas neil aidata t\u00f5rjuda Iraani droonir\u00fcnnakuid.\u00a0<\/p>\n<p>&#8220;A\u00dcE jaoks oli see lihtsalt vana \u00fctluse j\u00e4rgimine: Minu vaenlase vaenlane on minu s\u00f5ber. Ja minu vaenlase s\u00f5ber on minu vaenlane,&#8221; \u00fctles A\u00dcE juhtiv poliitikaanal\u00fc\u00fctik Abdulkhaleq Abdulla.\u00a0<\/p>\n<p>L\u00e4\u00e4ne ametnikud hoiatasid juba varem, et Venemaa ja Iraani s\u00f5jaline koost\u00f6\u00f6 v\u00f5ib l\u00f5puks hakata m\u00f5jutama L\u00e4his-Ida julgeolekuolukorda. Venelased on Iraani arendatud droone t\u00e4iustanud ning n\u00fc\u00fcd on need suunatud P\u00e4rsia lahe riikide vastu.<\/p>\n<p>Samas on Putin loonud P\u00e4rsia lahe juhtidega tugevad suhted ning need on vastu pidanud varasematele kriisidele. Abdulla t\u00f5i v\u00e4lja, et Putin saab Saudi Araabia juhi Mohammed bin Salmani ja A\u00dcE juhiga isiklikul tasandil h\u00e4sti l\u00e4bi.<\/p>\n<p>Lisaks on loodud ulatuslikud majandussidemed, eriti naftahindade kujundamise valdkonnas. Kuigi need sidemed j\u00e4\u00e4vad t\u00f5en\u00e4oliselt p\u00fcsima, on Venemaa positsioon piirkonnas n\u00f5rgenenud, samas kui Ukraina oma on tugevnenud.<\/p>\n<p>&#8220;Ukrainat peeti korrumpeerunuks. Kuid selle mainet tugevdas vastupanuv\u00f5ime Venemaa sissetungile. Selle s\u00f5jaga on kuvand muutunud veelgi paremaks. Just Ukraina astus Venemaale vastu ja Ukraina tunnistas P\u00e4rsia lahe olulisust,&#8221; selgitas Abdulla.<\/p>\n","protected":false},"excerpt":{"rendered":"Venemaa liitlane Iraan j\u00e4tkab droonir\u00fcnnakuid P\u00e4rsia lahe riikide vastu ja A\u00dcE ja Saudi Araabia p\u00f6\u00f6rdusid abi saamiseks Ukraina&hellip;\n","protected":false},"author":2,"featured_media":142697,"comment_status":"","ping_status":"","sticky":false,"template":"","format":"standard","meta":{"footnotes":"","_share_on_mastodon":"0"},"categories":[80],"tags":[25382,26,27,37,33,35,34,36,31,32,21,1925,4376,28,29,95,4257,19,25,1228,1049,23,24,262,22,20,96,30,92,93,94],"class_list":["post-142696","post","type-post","status-publish","format-standard","has-post-thumbnail","category-maailm","tag-aue","tag-breaking-news","tag-breakingnews","tag-ee","tag-eesti","tag-eesti-keel","tag-estonia","tag-estonian","tag-featured-news","tag-featurednews","tag-headlines","tag-iraan","tag-lahis-ida","tag-latest-news","tag-latestnews","tag-maailm","tag-nafta","tag-news","tag-populaarseimad-lood","tag-saudi-araabia","tag-soda","tag-top-stories","tag-topstories","tag-ukraina","tag-uldised-uudised","tag-uudised","tag-venemaa","tag-viimased-uudised","tag-world","tag-world-news","tag-worldnews"],"share_on_mastodon":{"url":"https:\/\/pubeurope.com\/@ee\/116324743561391607","error":""},"_links":{"self":[{"href":"https:\/\/www.europesays.com\/ee\/wp-json\/wp\/v2\/posts\/142696","targetHints":{"allow":["GET"]}}],"collection":[{"href":"https:\/\/www.europesays.com\/ee\/wp-json\/wp\/v2\/posts"}],"about":[{"href":"https:\/\/www.europesays.com\/ee\/wp-json\/wp\/v2\/types\/post"}],"author":[{"embeddable":true,"href":"https:\/\/www.europesays.com\/ee\/wp-json\/wp\/v2\/users\/2"}],"replies":[{"embeddable":true,"href":"https:\/\/www.europesays.com\/ee\/wp-json\/wp\/v2\/comments?post=142696"}],"version-history":[{"count":0,"href":"https:\/\/www.europesays.com\/ee\/wp-json\/wp\/v2\/posts\/142696\/revisions"}],"wp:featuredmedia":[{"embeddable":true,"href":"https:\/\/www.europesays.com\/ee\/wp-json\/wp\/v2\/media\/142697"}],"wp:attachment":[{"href":"https:\/\/www.europesays.com\/ee\/wp-json\/wp\/v2\/media?parent=142696"}],"wp:term":[{"taxonomy":"category","embeddable":true,"href":"https:\/\/www.europesays.com\/ee\/wp-json\/wp\/v2\/categories?post=142696"},{"taxonomy":"post_tag","embeddable":true,"href":"https:\/\/www.europesays.com\/ee\/wp-json\/wp\/v2\/tags?post=142696"}],"curies":[{"name":"wp","href":"https:\/\/api.w.org\/{rel}","templated":true}]}}