{"id":142901,"date":"2026-03-31T22:33:16","date_gmt":"2026-03-31T22:33:16","guid":{"rendered":"https:\/\/www.europesays.com\/ee\/142901\/"},"modified":"2026-03-31T22:33:16","modified_gmt":"2026-03-31T22:33:16","slug":"phoenixi-president-sellise-koosseisuga-ei-saa-meil-olla-vaiksemat-eesmarki-kui-esiliiga-b-voit-soccernet-ee","status":"publish","type":"post","link":"https:\/\/www.europesays.com\/ee\/142901\/","title":{"rendered":"Phoenixi president: sellise koosseisuga ei saa meil olla v\u00e4iksemat eesm\u00e4rki kui Esiliiga B v\u00f5it &#8211; Soccernet.ee"},"content":{"rendered":"<p><img decoding=\"async\" src=\"https:\/\/www.europesays.com\/ee\/wp-content\/uploads\/2026\/03\/1745860334.jpg\" alt=\"Phoenixi m\u00e4ngijad r\u00f5\u00f5mustamas. Foto: J\u00f5hvi FC Phoenix (arhiiv)\"\/>&#13;\n<\/p>\n<p>J\u00f5hvi Phoenixi president Sergei Ivanov kinnitas, et t\u00e4navuse tugeva koosseisu juures pole m\u00f5tet sihtida Esiliiga B-s madalamaid kohti kui k\u00f5ige k\u00f5rgem.<\/p>\n<p>&#8220;Sellise koosseisuga ei saa meil olla v\u00e4iksemat eesm\u00e4rki kui Esiliiga B v\u00f5it ja t\u00f5usmine j\u00e4rgmiseks aastaks Esiliigasse,&#8221; \u00fctles Ivanov <a href=\"https:\/\/pohjarannik.postimees.ee\/8443369\/liigavoitu-sihtiv-johvi-jalkameeskond-pesi-habi-kiiresti-maha\" target=\"_blank\" rel=\"nofollow noopener\">P\u00f5hjarannikule<\/a>.&#13;\n<\/p>\n<p>Ta lisas, et kuigi meeskond on varasemast tugevam, v\u00f5ib hea kokkum\u00e4ngu leidmiseks kuluda veel aega: &#8220;Koosseis on korralikul tasemel, n\u00fc\u00fcd on vaja meeskond ka korralikult m\u00e4ngima saada. Me m\u00e4ngime varasemast pisut teistsugust jalgpalli ja k\u00f5ik m\u00e4ngijad ei m\u00f5ista seda veel. Ka kogenud m\u00e4ngijad teevad vigu.&#8221;&#13;\n<\/p>\n<p>Premium liiga kogemusega m\u00e4ngijatest kuuluvad Phoenixi koosseisu Gleb Pevtsov, Raivo Saar, German-Guri Tsvibelberg, Deniss Kulikov, Jelissei Zahharov, Viktor Gussev ja\u00a0Mihhail Starodubtsev. Hooaja esimese kolme vooruga on l\u00f6\u00f6nud kolm v\u00e4ravat Bulgaaria r\u00fcndaja\u00a0Bogdan Stojanov.<\/p>\n<p>Mullu Esiliiga \u00fcleminekum\u00e4ngudele j\u00f5udnud, kuid seal lisaajal FC Tallinnale alla j\u00e4\u00e4nud Phoenix on kogunud k\u00e4imasoleva liigahooaja alustuseks kolmest mat\u0161ist kaks v\u00f5itu ja \u00fche kaotuse.&#13;<\/p>\n","protected":false},"excerpt":{"rendered":"&#13; J\u00f5hvi Phoenixi president Sergei Ivanov kinnitas, et t\u00e4navuse tugeva koosseisu juures pole m\u00f5tet sihtida Esiliiga B-s madalamaid&hellip;\n","protected":false},"author":2,"featured_media":142902,"comment_status":"","ping_status":"","sticky":false,"template":"","format":"standard","meta":{"footnotes":"","_share_on_mastodon":"0"},"categories":[18],"tags":[37,33,35,2463,34,36,12956,2054,8754,159,158],"class_list":["post-142901","post","type-post","status-publish","format-standard","has-post-thumbnail","category-sport","tag-ee","tag-eesti","tag-eesti-keel","tag-esiliiga-b","tag-estonia","tag-estonian","tag-johvi-fc-phoenix","tag-phoenix","tag-sergei-ivanov","tag-sport","tag-sports"],"share_on_mastodon":{"url":"https:\/\/pubeurope.com\/@ee\/116326170930057170","error":""},"_links":{"self":[{"href":"https:\/\/www.europesays.com\/ee\/wp-json\/wp\/v2\/posts\/142901","targetHints":{"allow":["GET"]}}],"collection":[{"href":"https:\/\/www.europesays.com\/ee\/wp-json\/wp\/v2\/posts"}],"about":[{"href":"https:\/\/www.europesays.com\/ee\/wp-json\/wp\/v2\/types\/post"}],"author":[{"embeddable":true,"href":"https:\/\/www.europesays.com\/ee\/wp-json\/wp\/v2\/users\/2"}],"replies":[{"embeddable":true,"href":"https:\/\/www.europesays.com\/ee\/wp-json\/wp\/v2\/comments?post=142901"}],"version-history":[{"count":0,"href":"https:\/\/www.europesays.com\/ee\/wp-json\/wp\/v2\/posts\/142901\/revisions"}],"wp:featuredmedia":[{"embeddable":true,"href":"https:\/\/www.europesays.com\/ee\/wp-json\/wp\/v2\/media\/142902"}],"wp:attachment":[{"href":"https:\/\/www.europesays.com\/ee\/wp-json\/wp\/v2\/media?parent=142901"}],"wp:term":[{"taxonomy":"category","embeddable":true,"href":"https:\/\/www.europesays.com\/ee\/wp-json\/wp\/v2\/categories?post=142901"},{"taxonomy":"post_tag","embeddable":true,"href":"https:\/\/www.europesays.com\/ee\/wp-json\/wp\/v2\/tags?post=142901"}],"curies":[{"name":"wp","href":"https:\/\/api.w.org\/{rel}","templated":true}]}}