{"id":142905,"date":"2026-03-31T22:55:09","date_gmt":"2026-03-31T22:55:09","guid":{"rendered":"https:\/\/www.europesays.com\/ee\/142905\/"},"modified":"2026-03-31T22:55:09","modified_gmt":"2026-03-31T22:55:09","slug":"mm-kompass-arrivederci-azzurri-itaalia-ees-loodi-suure-peo-uks-jalle-kinni-nullipoiss-rootsi-sai-uue-kangelase-tsehhi-ja-turgi-soccernet-ee-2","status":"publish","type":"post","link":"https:\/\/www.europesays.com\/ee\/142905\/","title":{"rendered":"MM-kompass | Arrivederci, Azzurri! Itaalia ees l\u00f6\u00f6di suure peo uks j\u00e4lle kinni, nullipoiss Rootsi sai uue kangelase (+ T\u0161ehhi ja T\u00fcrgi!) &#8211; Soccernet.ee"},"content":{"rendered":"<p><img decoding=\"async\" src=\"https:\/\/www.europesays.com\/ee\/wp-content\/uploads\/2026\/03\/1774990941.jpg\" alt=\"Pio Esposito eksis penaltil ja Itaalia j\u00e4i MM-ilt eemale. Foto: Scanpix \/ Fabio Ferrari \/ LaPresse via AP\"\/>&#13;\n<\/p>\n<p>J\u00e4lle pealtvaatajad! Neljakordne maailmameister Itaalia m\u00e4ngis MM-p\u00e4\u00e4sme kolmandat korda j\u00e4rjest maha ning vaatab suvist suurturniiri kodus telerist. Koos Bosnia ja Hertsegoviinaga s\u00f5idavad nelja viimase Euroopa riigina MM-ile veel penaltikuningad T\u0161ehhist, omalaadse ime korda saatnud Rootsi ja Kosovo unistuse kustutanud T\u00fcrgi.<\/p>\n<p>Bosnia ja Hertsegoviina surus Itaaliat avapoolajal nagu jaksas, ent Nikola Vasilji r\u00e4nk s\u00f6\u00f6dueksimus lubas hoopis k\u00fclalistel 14. minutil skoori avada. Palli vahelt l\u00f5iganud Nicolo Barella j\u00e4ttis selle Moise Keanile, kelle pomml\u00f6\u00f6k maandus ristnurgas. Itaalia elu l\u00e4ks raskeks 41. minutil, kui Alessandro Bastoni niitis viimase kaitsjana jalust Amar Memici ja peakohtunik Clement Turpin n\u00e4itas talle k\u00f5hklematult punast kaarti.&#13;\n<\/p>\n<p>Teisel poolajal istus Itaalia oodatult k\u00fcmnekesi kaitses, ent sai 60. minutil ootamatu v\u00f5imaluse edu kahekohaliseks kasvatada. Vaheltl\u00f5ike j\u00e4rel pika spurdi teinud Kean saatis Vasiljiga silmitsi j\u00f5udes palli siiski napilt \u00fcle v\u00e4rava. Bosnia meeletu surve t\u00f5i l\u00f5puks tulemust alles 79. minutil \u2013 tsenderduse j\u00e4rel t\u00f5rjus Gianluigi Donnarumma k\u00fcll Edin D\u017eeko peal\u00f6\u00f6gi, ent esimesena j\u00f5udis pallini Haris Tabakovic ja l\u00f5i 1:1.&#13;\n<\/p>\n<p>Lisaajal avanes ka Itaalial paar suurep\u00e4rast v\u00f5imalust, ent v\u00e4ravaid rohkem ei n\u00e4htud. Nii pidi v\u00f5itja selgitama penaltiseeria. Itaalia esimene mees Pio Esposito l\u00e4ks v\u00e4lja j\u00f5u peale, aga pomml\u00f6\u00f6k lendas taevasse ja sellest soosikud enam ei taastunud. Bryan Cristante p\u00f5rutas veel latti ning kuna Bosnia meeste k\u00f5ik neli l\u00f6\u00f6ki olid t\u00e4psed, pani Esmir Bajraktarevic neljanda l\u00f6\u00f6jana Zenica \u00f5htus p\u00fcsti v\u00e4geva peo.<\/p>\n<blockquote class=\"twitter-tweet\"><p>&#13;<\/p>\n<p lang=\"en\" dir=\"ltr\">ITALY WILL MISS A THIRD CONSECUTIVE WORLD CUP \ud83e\udd2f <a href=\"https:\/\/t.co\/5Htj9Io6uw\" rel=\"nofollow\">pic.twitter.com\/5Htj9Io6uw<\/a>&#13;<br \/>\n\u2014 ESPN FC (@ESPNFC) <a href=\"https:\/\/twitter.com\/ESPNFC\/status\/2039093895506669804?ref_src=twsrc%5Etfw\" rel=\"nofollow noopener\" target=\"_blank\">March 31, 2026<\/a><\/p>\n<\/blockquote>\n<p>Rootsi haaras koduv\u00e4ljakul Poola vastu edu 19. minutil, kui avav\u00e4rava sepistasid Inglismaa k\u00f5rgliigas m\u00e4ngivad mehed. Yasin Ayari j\u00e4ttis efektse kannas\u00f6\u00f6duga palli Anthony Elangale, kes keerutas tugeva l\u00f6\u00f6gi latip\u00f5rkest v\u00f5rku \u2013 1:0. Poola j\u00f5udis siiski juba 33. minutil viigini, sest Nicola Zalewski l\u00f6\u00f6k \u00fcllatas kerge riko\u0161eti abiga Rootsi v\u00e4ravas seisnud Kristoffer Nordfeldti. Pausile mindi siiski Rootsi napis eduseisus \u2013 \u00e4\u00e4relt antud karistusl\u00f6\u00f6gini k\u00fc\u00fcndis 44. minutil peaga esimesena Braga kaitsja Gustaf Lagerbielke.<\/p>\n<p>Teisel poolajal kulus poolakatel k\u00fcmme minutit, et taas viigistada. Rootsi kaitseliin magas maha Zalewski jooksu, s\u00f6\u00f6t j\u00f5udis v\u00e4rava ette Karol Swiderskile ja 2:2 oli t\u00f5siasi. Viimane s\u00f5na j\u00e4i aga Rootsile \u2013 poolakate v\u00e4rava ees pandi 88. minutil p\u00fcsti trall, mille k\u00e4igus esimene l\u00f6\u00f6k blokeeriti, teine t\u00f5rjuti, seej\u00e4rel k\u00e4is pall postis ning l\u00f5puks murdis end j\u00f5uga l\u00f6\u00f6gile Viktor Gy\u00f6keres. 3:2 tabamus viis rootslased 13. korda ajaloos MM-ile.&#13;\n<\/p>\n<blockquote class=\"twitter-tweet\"><p>&#13;<\/p>\n<p lang=\"qme\" dir=\"ltr\">\ud83d\udc4b <a href=\"https:\/\/twitter.com\/FIFAWorldCup?ref_src=twsrc%5Etfw\" rel=\"nofollow noopener\" target=\"_blank\">@FIFAWorldCup<\/a> <a href=\"https:\/\/t.co\/RZUFWWSEsS\" rel=\"nofollow\">pic.twitter.com\/RZUFWWSEsS<\/a>&#13;<br \/>\n\u2014 Svensk Fotboll (@svenskfotboll) <a href=\"https:\/\/twitter.com\/svenskfotboll\/status\/2039085696980295747?ref_src=twsrc%5Etfw\" rel=\"nofollow noopener\" target=\"_blank\">March 31, 2026<\/a><\/p>\n<\/blockquote>\n<p>T\u0161ehhil kulus kodus Taani vastu skoori avamiseks vaid kolm minutit. Pavel \u0160ulc teenis ise nurgal\u00f6\u00f6gi, Vladimir Coufali tsenderdus j\u00f5udis kaitsjate peapuutest karistusala joonel oodanud \u0160ulcini ja Lyoni poolkaitsja lajatas palli ristnurka. Taani p\u00e4\u00e4stjaks kerkis 72. minutil Joachim Andersen, kes karistusl\u00f6\u00f6gi peaga v\u00f5rku suunas.<\/p>\n<p>Normaalajal rohkem v\u00e4ravaid ei n\u00e4htud, aga 100. minutil suutis Ladislav Krejci v\u00f5\u00f5rustajad taas ette viia. Seekord kulus Taanil vastamiseks k\u00fcmmekond minutit \u2013 Kasper H\u00f6gh suunas nurgal\u00f6\u00f6gi j\u00e4rel palli peaga posti k\u00f5rvale. Kahetunnise m\u00e4ngu j\u00e4rel pidi MM-ile s\u00f5itja selgitama penaltiseeria.&#13;\n<\/p>\n<p>Seal v\u00e4\u00e4ratas kohe Taani esimene l\u00f6\u00f6ja Rasmus H\u00f6jlund, kes kolistas latti. Kui Matej Kovar t\u00f5rjus seej\u00e4rel ka Anders Dreyeri penalti, olid v\u00f5idu v\u00f5tmed juba T\u0161ehhi k\u00e4es, kuid Krejci eksimus hoidis pinget veel \u00f5hus. Mathias Jensen p\u00f5rutas aga palli samuti raamidest m\u00f6\u00f6da ja Michal Sadilek vormistas t\u00e4pse l\u00f6\u00f6giga t\u0161ehhidele s\u00f5idu teisele poole ookeani.&#13;\n<\/p>\n<p>T\u00fcrgi ei saanud Kosovo vastu avapoolajaga kirja ainsatki raamidesse l\u00e4inud l\u00f6\u00f6ki ja v\u00e4ravale oli napilt enne pooltunni t\u00e4itumist l\u00e4hedal hoopis kodumeeskond. Fisnik Asllani ohtliku l\u00f6\u00f6gi l\u00fckkas Ugurcan Cakir siiski s\u00f5rmeotstega p\u00f5iklatti. Soosikutest k\u00fclalised said oma tahtmise alles 53. minutil, kui Kerem Akt\u00fcrkoglu suunas Okan K\u00f6kc\u00fc l\u00f6\u00f6gi varbaotsaga v\u00f5rku. See j\u00e4igi m\u00e4ngu ainsaks tabamuseks ja T\u00fcrgi lunastas 1:0 v\u00f5iduga finaalturniiri p\u00e4\u00e4sme.<\/p>\n<blockquote class=\"twitter-tweet\"><p>&#13;<\/p>\n<p lang=\"tr\" dir=\"ltr\">Merhaba, biz geldik \ud83d\udc4b <a href=\"https:\/\/twitter.com\/FIFAWorldCup?ref_src=twsrc%5Etfw\" rel=\"nofollow noopener\" target=\"_blank\">@FIFAWorldCup<\/a> <a href=\"https:\/\/twitter.com\/hashtag\/Bizim%C3%87ocuklar?src=hash&amp;ref_src=twsrc%5Etfw\" rel=\"nofollow noopener\" target=\"_blank\">#Bizim\u00c7ocuklar<\/a>\ud83c\uddf9\ud83c\uddf7 | <a href=\"https:\/\/twitter.com\/hashtag\/FIFAWorldCup?src=hash&amp;ref_src=twsrc%5Etfw\" rel=\"nofollow noopener\" target=\"_blank\">#FIFAWorldCup<\/a> | <a href=\"https:\/\/twitter.com\/hashtag\/T%C3%BCrk%C3%96ndeT%C3%BCrk%C4%B0leri?src=hash&amp;ref_src=twsrc%5Etfw\" rel=\"nofollow noopener\" target=\"_blank\">#T\u00fcrk\u00d6ndeT\u00fcrk\u0130leri<\/a> <a href=\"https:\/\/t.co\/9ZN4Usu5jZ\" rel=\"nofollow\">pic.twitter.com\/9ZN4Usu5jZ<\/a>&#13;<br \/>\n\u2014 T\u00fcrkiye #Bizim\u00c7ocuklar \ud83c\uddf9\ud83c\uddf7 (@MilliTakimlar) <a href=\"https:\/\/twitter.com\/MilliTakimlar\/status\/2039095810512556491?ref_src=twsrc%5Etfw\" rel=\"nofollow noopener\" target=\"_blank\">March 31, 2026<\/a><\/p>\n<\/blockquote>\n<p>Kes tegi? | Ise tegi. Itaalial pole j\u00e4rjekordses v\u00e4ljalangemises \u2013 tegu on seejuures l\u00e4bi aegade esimese korraga, kui maailmameistriks tulnud meeskond j\u00e4\u00e4b eemale kolmelt j\u00e4rjestikusselt finaalturniirilt \u2013 s\u00fc\u00fcdistada mitte kedagi peale iseenda. Initsiatiiv anti avavilest peale Bosniale, kes tegi avapoolajaga koguni 13 pealel\u00f6\u00f6ki.&#13;\n<\/p>\n<p>Poolaja l\u00f5petas Bastoni hilinenud jalasirutus, mis t\u00e4hendas talle eemaldamist. Teise poolaja alguses lasi Kean luhta hiilgava v\u00f5imaluse l\u00fc\u00fca 2:0, penaltiseerias l\u00e4ksid n\u00e4rvidega alt nii Esposito kui ka Cristante. Seejuures valis Bastoni punase kaardi saamiseks halvima v\u00f5imaliku hetke \u2013 viimati olid itaallased j\u00e4\u00e4nud MM-valikm\u00e4ngus k\u00fcmnekesi k\u00fcmme aastat tagasi, kui Iisraeli vastu saadeti platsilt minema legendaarne Giorgio Chiellini.<\/p>\n<p>Nii l\u00e4heb m\u00e4ng Bosniaga Itaalia jalgpalliajaloo musta raamatusse, kus ootavad juba ees 2018. aasta MM-i eel Rootsile kaotamine ning neli aastat hiljem P\u00f5hja-Makedooniale alla j\u00e4\u00e4mine. Esimesest ehk 1930. aasta MM-ist vabatahtlikult eemale j\u00e4\u00e4nud itaallased olid alates 1934. aastast kuni 2014. aastani j\u00f5udnud k\u00f5ikidele finaalturniiridele peale \u00fche, n\u00fc\u00fcd valitsevad aga s\u00fcgav m\u00f5\u00f5n ja kurbus.&#13;\n<\/p>\n<blockquote class=\"twitter-tweet\"><p>&#13;<\/p>\n<p lang=\"en\" dir=\"ltr\">3 &#8211; <a href=\"https:\/\/twitter.com\/hashtag\/Italy?src=hash&amp;ref_src=twsrc%5Etfw\" rel=\"nofollow noopener\" target=\"_blank\">#Italy<\/a> will miss the <a href=\"https:\/\/twitter.com\/hashtag\/WorldCup?src=hash&amp;ref_src=twsrc%5Etfw\" rel=\"nofollow noopener\" target=\"_blank\">#WorldCup<\/a> for the third consecutive edition; previously, in the competition&#8217;s history, it had happened only twice (not participating in 1930 and failing to qualify in 1958). Oblivion.<a href=\"https:\/\/twitter.com\/hashtag\/Bosniaitalia?src=hash&amp;ref_src=twsrc%5Etfw\" rel=\"nofollow noopener\" target=\"_blank\">#Bosniaitalia<\/a> <a href=\"https:\/\/t.co\/oBAAhw7nx1\" rel=\"nofollow\">pic.twitter.com\/oBAAhw7nx1<\/a>&#13;<br \/>\n\u2014 OptaPaolo (@OptaPaolo) <a href=\"https:\/\/twitter.com\/OptaPaolo\/status\/2039099677161795653?ref_src=twsrc%5Etfw\" rel=\"nofollow noopener\" target=\"_blank\">March 31, 2026<\/a><\/p>\n<\/blockquote>\n<p>Nullist sajani | Rootsi ime. Kuus m\u00e4ngu, null v\u00f5itu, neli l\u00f6\u00f6dud v\u00e4ravat, enda v\u00f5rgust v\u00f5etud 12 palli \u2013 selline oli Rootsi saldo valikgrupis. \u0160veitsi, Kosovo ja Sloveenia j\u00e4rel ei andnud kaks viigipunkti enamat alagrupi viimasest, neljandast kohast.&#13;\n<\/p>\n<p>Rootslaste \u00f5nneks on v\u00e4lja m\u00f5eldud Rahvuste liiga ning sealtkaudu saadi v\u00f5imalus play-off\u2019is m\u00e4ngida. Ukraina vastu otsustas m\u00e4ngu \u00e4ra Viktor Gy\u00f6kerese k\u00fcbaratrikk ning ka n\u00fc\u00fcd oli just Gy\u00f6keres see, kes Alexander Isaki ja Dejan Kulusevski puudumisel kangelaseks kerkis. Poola jaoks j\u00e4tkub aga pea sajandipikkune seeria \u2013 Rootsi pinnal ei ole v\u00f5itu maitstud alates 1930. aastast!&#13;\n<\/p>\n<blockquote class=\"twitter-tweet\"><p>&#13;<\/p>\n<p lang=\"sv\" dir=\"ltr\">Fulltid \u2013 VI \u00c4R KLARA F\u00d6R VM 2026! \ud83c\uddf8\ud83c\uddea <a href=\"https:\/\/t.co\/AsCknReYNH\" rel=\"nofollow\">pic.twitter.com\/AsCknReYNH<\/a>&#13;<br \/>\n\u2014 Svensk Fotboll (@svenskfotboll) <a href=\"https:\/\/twitter.com\/svenskfotboll\/status\/2039080325058355679?ref_src=twsrc%5Etfw\" rel=\"nofollow noopener\" target=\"_blank\">March 31, 2026<\/a><\/p>\n<\/blockquote>\n<p>Tagasi kodus | Graham Potter. \u00d6stersundis endale k\u00fcmmekond aastat tagasi nime teinud Potter sai seej\u00e4rel ametisse Swansea, siis juba Brightoni ja l\u00f5puks Chelsea peatreeneritoolil. Viimane h\u00fcpe l\u00f5ppes valusa maandumise ja vallandamisega, mille j\u00e4rel on Potteri tee olnud k\u00fcnklik. West Ham suutis tema k\u00e4e all 25 m\u00e4ngust v\u00f5ita vaid kuus ja s\u00fcgisel sai Potter Inglismaalt kinga.&#13;\n<\/p>\n<p>Ent kehvad tulemused tegid Jon Dahl Tomassonist samal ajal Rootsi meestekoondise ajaloo esimese vallandatud peatreeneri. Asemele v\u00f5eti Potter, kes on vaid neli m\u00e4ngu hiljem hoobilt rootslaste kangelane.\u00a0&#13;\n<\/p>\n<p>Lemmikpunkt\u00a0| 11 meetrit. Valiksarjas F\u00e4\u00e4ri saartelt \u0161okk-kaotuse saanud T\u0161ehhi p\u00f6\u00f6ras kaks otsustavat s\u00f5elm\u00e4ngu enda kasuks penaltiseerias. Esmalt tuldi poolfinaalis iirlaste vastu normaalaja l\u00f5puminutitel v\u00e4lja 0:2 kaotusseisust ja v\u00f5ideti siis penaltiseeria, Taani vastu ei heitutud ka edu kahekordsest maham\u00e4ngimisest.&#13;\n<\/p>\n<p>Muide &#8211; statistika v\u00e4idab, et penaltiseerias saadab edu enamasti v\u00f5istkonda, kes asub l\u00f6\u00f6ma esimesena. T\u0161ehhid olid teisena l\u00f6\u00f6jate rollis nii Iirimaa kui ka Taani vastu ega teinud lisaks t\u00e4iuslikku t\u00f6\u00f6d &#8211; esimeses seerias v\u00e4\u00e4ratas Mojmir Chytil, teises Ladislav Krejci. Ent kuna vastased v\u00e4ristasid rohkem jalga, on T\u0161ehhi taas MM-il, kus iseseisva riigina on seni k\u00e4idud vaid korra, sedagi juba 20 aastat tagasi.&#13;\n<\/p>\n<blockquote class=\"twitter-tweet\"><p>&#13;<\/p>\n<p lang=\"cs\" dir=\"ltr\">Popi\u0161te, co se ve v\u00e1s pr\u00e1v\u011b odehr\u00e1v\u00e1 \ud83d\udc47<br \/>&#13;<br \/>\nZa\u010d\u00edn\u00e1me: <a href=\"https:\/\/t.co\/DJ9vldosO0\" rel=\"nofollow\">pic.twitter.com\/DJ9vldosO0<\/a>&#13;<br \/>\n\u2014 \u010cesk\u00e1 fotbalov\u00e1 reprezentace (@ceskarepre_cz) <a href=\"https:\/\/twitter.com\/ceskarepre_cz\/status\/2039108023084343427?ref_src=twsrc%5Etfw\" rel=\"nofollow noopener\" target=\"_blank\">March 31, 2026<\/a><\/p>\n<\/blockquote>\n<p>Valus uhkus | Unistuse l\u00f5pp.\u00a0&#8220;Meil oleks kolm riiklikku t\u00e4htp\u00e4eva \u2013 iseseisvuse v\u00e4ljakuulutamine 1999. aastal, ametliku omariikluseni j\u00f5udmine 2008. aastal ja MM-ile p\u00e4\u00e4semine 2026. aastal,&#8221; unistas Kosovo telekanali RTK jalgpallikommentaator Arben Berisha enne otsustavat m\u00e4ngu T\u00fcrgiga. Muide, MM-il oleks Kosovo pidanud avam\u00e4ngu Austraaliaga 13. juunil ehk t\u00e4pselt 27 aastat ja \u00fcks p\u00e4ev p\u00e4rast seda, kui Serbia v\u00e4ed riigist lahkusid.&#13;\n<\/p>\n<p>Muinasjutt ei saanud ilusat l\u00f5ppu, sest T\u00fcrgi suutis \u00fche palli v\u00f5rku saata, ent Kosovo andis kindlalt aimu &#8211; nendega tuleb edaspidigi t\u00f5siselt arvestada. Veel k\u00fcmme aastat tagasi ei olnud see koondis pidanud ainsatki MM-valikm\u00e4ngu!&#13;\n<\/p>\n<p>M\u00e4lestus | Pronks, mida ei n\u00e4htud. T\u00fcrgi oli 2002. aastal \u00f5nne tipul, kui MM-ilt tuldi tagasi pronksiga. Vaevalt oskas keegi arvata, et j\u00e4rgmisel korral j\u00f5utakse finaalturniirile alles 24 aastat hiljem. &#8220;Enamik mu meeskonnast polnud toona s\u00fcndinudki!&#8221; muigas peatreener Vincenzo Montella enne m\u00e4ngu Kosovoga. Ent juba viimane MM andis aimu, et veerandfinaali murdnud t\u00fcrklased eesotsas Arda G\u00fcleri ja Kenan Yildiziga, keda toetab kogenud kapten Hakan Calhanoglu, v\u00f5ivad olla MM-il \u00fcks mustadest hobustest.&#13;\n<\/p>\n<p><script async src=\"https:\/\/platform.twitter.com\/widgets.js\" charset=\"utf-8\"><\/script><\/p>\n","protected":false},"excerpt":{"rendered":"&#13; J\u00e4lle pealtvaatajad! Neljakordne maailmameister Itaalia m\u00e4ngis MM-p\u00e4\u00e4sme kolmandat korda j\u00e4rjest maha ning vaatab suvist suurturniiri kodus telerist.&hellip;\n","protected":false},"author":2,"featured_media":142904,"comment_status":"","ping_status":"","sticky":false,"template":"","format":"standard","meta":{"footnotes":"","_share_on_mastodon":"0"},"categories":[18],"tags":[51583,66171,11143,7969,18669,37,33,35,11130,34,36,109,10395,6890,66172,47394,111,5265,889,62953,159,158,264,116,329,10400,66173],"class_list":["post-142905","post","type-post","status-publish","format-standard","has-post-thumbnail","category-sport","tag-bastoni","tag-berisha","tag-bosnia-ja-hertsegoviina","tag-cristante","tag-donnarumma","tag-ee","tag-eesti","tag-eesti-keel","tag-esposito","tag-estonia","tag-estonian","tag-itaalia","tag-kosovo","tag-mm2026","tag-montella","tag-play-off","tag-poola","tag-potter","tag-rootsi","tag-soelmangud","tag-sport","tag-sports","tag-taani","tag-tsehhi","tag-turgi","tag-valikmangud","tag-valiksari-gyokeres"],"share_on_mastodon":{"url":"https:\/\/pubeurope.com\/@ee\/116326257627567586","error":""},"_links":{"self":[{"href":"https:\/\/www.europesays.com\/ee\/wp-json\/wp\/v2\/posts\/142905","targetHints":{"allow":["GET"]}}],"collection":[{"href":"https:\/\/www.europesays.com\/ee\/wp-json\/wp\/v2\/posts"}],"about":[{"href":"https:\/\/www.europesays.com\/ee\/wp-json\/wp\/v2\/types\/post"}],"author":[{"embeddable":true,"href":"https:\/\/www.europesays.com\/ee\/wp-json\/wp\/v2\/users\/2"}],"replies":[{"embeddable":true,"href":"https:\/\/www.europesays.com\/ee\/wp-json\/wp\/v2\/comments?post=142905"}],"version-history":[{"count":0,"href":"https:\/\/www.europesays.com\/ee\/wp-json\/wp\/v2\/posts\/142905\/revisions"}],"wp:featuredmedia":[{"embeddable":true,"href":"https:\/\/www.europesays.com\/ee\/wp-json\/wp\/v2\/media\/142904"}],"wp:attachment":[{"href":"https:\/\/www.europesays.com\/ee\/wp-json\/wp\/v2\/media?parent=142905"}],"wp:term":[{"taxonomy":"category","embeddable":true,"href":"https:\/\/www.europesays.com\/ee\/wp-json\/wp\/v2\/categories?post=142905"},{"taxonomy":"post_tag","embeddable":true,"href":"https:\/\/www.europesays.com\/ee\/wp-json\/wp\/v2\/tags?post=142905"}],"curies":[{"name":"wp","href":"https:\/\/api.w.org\/{rel}","templated":true}]}}