{"id":142914,"date":"2026-03-31T23:09:10","date_gmt":"2026-03-31T23:09:10","guid":{"rendered":"https:\/\/www.europesays.com\/ee\/142914\/"},"modified":"2026-03-31T23:09:10","modified_gmt":"2026-03-31T23:09:10","slug":"helsingi-tartu-lend-ei-saanud-drooniohu-tottu-tartus-maanduda-2","status":"publish","type":"post","link":"https:\/\/www.europesays.com\/ee\/142914\/","title":{"rendered":"Helsingi-Tartu lend ei saanud drooniohu t\u00f5ttu Tartus maanduda"},"content":{"rendered":"<p>Finnair lendi AY1045 pidi Helsingist v\u00e4ljuma kell 23.55 ja maanduma Tartus kell 00.40. Tegelikkuses v\u00e4ljus lend 20-minutilise hilinemisega kell 00.15. Flightradar24 andmetel j\u00f5udis lennuk Kesk-Eestisse, kuid p\u00f6\u00f6ras siis \u00fcmber ja v\u00f5ttis kursi taas Helsingi suunas. Flightradar24-s j\u00e4lgis lendu \u00fcle 3500 inimese ja see oli hetkeks maailmas j\u00e4lgitavuse poolest kolmandal kohal.<\/p>\n<p><img decoding=\"async\" src=\"https:\/\/www.europesays.com\/ee\/wp-content\/uploads\/2026\/03\/1774998550_954_b7b1f4d7-4fe1-49e8-8be5-3291a5f141e1.jpg\" loading=\"lazy\" alt=\"Helsingi-Tartu lennu teekond.\"\/><\/p>\n<p class=\"font-claude-response-body break-words whitespace-normal leading-[1.7]\">Tagasip\u00f6\u00f6rdumine langes kokku kaitsev\u00e4e \u00f6\u00f6sel v\u00e4lja saadetud ohuteavitustega. Kell 00.30 k\u00e4ivitas kaitsev\u00e4gi EE-ALARMi Ida- ja L\u00e4\u00e4ne-Virumaa piirkonnas ning kell 00.48 laiendas teavituse ka L\u00f5una-Eestile, kuhu j\u00e4\u00e4b ka Tartu lennujaam. Kaitsev\u00e4gi teatas, et tuvastas Eesti \u00f5huruumist v\u00e4ljaspool \u00f5hutegevuse, mis v\u00f5ib hakata kujutama Eestile ohtu, ning saatis v\u00e4lja ennetava ohuteavituse.<\/p>\n<p>Tallinna lennujaam: lennuliiklus oli m\u00f5jutatud 44 minutit<\/p>\n<p>Tallinna lennujaamast v\u00e4ljus 31. m\u00e4rtsi hommikul kella kuue paiku veerandtunni jooksul mitu lendu. Lennujaamast kinnitati Delfile, et lennud j\u00e4tkuvad plaanip\u00e4raselt.<\/p>\n<p>\u201eKell 4.50 sai Tallinna lennujaam Lennuliiklusteeninduse ASilt (EANS) info, et Eesti \u00f5huruumis on tundmatu objekt, mis v\u00f5ib kujutada ohtu lennuliiklusele. EANS rakendas vastavaid protseduure, mis m\u00f5jutas \u00fchte v\u00e4ljuvat lendu. Lennuliiklus oli Tallinna lennujaamas m\u00f5jutatud 44 minutit. Samuti oli v\u00f5imaliku ohu t\u00f5ttu h\u00e4iritud varahommikune Helsingi-Tartu lend. Lennunduses on ohutus esmat\u00e4htis ja \u00f5huruumi sulgemine ohu korral aitab seda tagada,\u201c s\u00f5nas Tallinna lennujaama turunduskommunikatsiooni projektijuht Aet H\u00e4rmaorg.<\/p>\n<p>K\u00f5ige pikemalt hilines lend Antlayasse, mis pidi v\u00e4ljuma kell 4.25.<\/p>\n<p>\u201eLennud v\u00e4ljuvad n\u00fc\u00fcd plaanip\u00e4raselt ja reisijad peaksid k\u00e4ituma nagu tavaliselt, saabuma lennujaama piisava ajavaruga, et k\u00f5ik lennueelsed protseduurid j\u00f5uaks kenasti ja ilma kiirustamata \u00e4ra teha,\u201c s\u00f5nas H\u00e4rmaorg.<\/p>\n<p>Kuidas see lugu Sind end tundma pani? Saada <a href=\"https:\/\/reisijuht.delfi.ee\/artikkel\/120564484\/helsingi-tartu-lend-ei-saanud-drooniohu-tottu-tartus-maanduda\/kommentaarid\" class=\"article-body-bottom__comment article-body-bottom__comment--write button button--primary button--size-auto\" rel=\"nofollow noopener\" target=\"_blank\"> Kommenteeri <\/a><a href=\"https:\/\/reisijuht.delfi.ee\/artikkel\/120564484\/helsingi-tartu-lend-ei-saanud-drooniohu-tottu-tartus-maanduda\/kommentaarid\" class=\"article-body-bottom__comment article-body-bottom__comment--read button button--size-auto\" rel=\"nofollow noopener\" target=\"_blank\"> Loe kommentaare (96)<\/a><\/p>\n","protected":false},"excerpt":{"rendered":"Finnair lendi AY1045 pidi Helsingist v\u00e4ljuma kell 23.55 ja maanduma Tartus kell 00.40. Tegelikkuses v\u00e4ljus lend 20-minutilise hilinemisega&hellip;\n","protected":false},"author":2,"featured_media":142105,"comment_status":"","ping_status":"","sticky":false,"template":"","format":"standard","meta":{"footnotes":"","_share_on_mastodon":"0"},"categories":[12],"tags":[26,27,37,33,35,34,36,31,32,5658,21,28,29,19,25,249,23,24,22,20,30],"class_list":["post-142914","post","type-post","status-publish","format-standard","has-post-thumbnail","category-eesti","tag-breaking-news","tag-breakingnews","tag-ee","tag-eesti","tag-eesti-keel","tag-estonia","tag-estonian","tag-featured-news","tag-featurednews","tag-finnair","tag-headlines","tag-latest-news","tag-latestnews","tag-news","tag-populaarseimad-lood","tag-tartu","tag-top-stories","tag-topstories","tag-uldised-uudised","tag-uudised","tag-viimased-uudised"],"share_on_mastodon":{"url":"https:\/\/pubeurope.com\/@ee\/116326312462328347","error":""},"_links":{"self":[{"href":"https:\/\/www.europesays.com\/ee\/wp-json\/wp\/v2\/posts\/142914","targetHints":{"allow":["GET"]}}],"collection":[{"href":"https:\/\/www.europesays.com\/ee\/wp-json\/wp\/v2\/posts"}],"about":[{"href":"https:\/\/www.europesays.com\/ee\/wp-json\/wp\/v2\/types\/post"}],"author":[{"embeddable":true,"href":"https:\/\/www.europesays.com\/ee\/wp-json\/wp\/v2\/users\/2"}],"replies":[{"embeddable":true,"href":"https:\/\/www.europesays.com\/ee\/wp-json\/wp\/v2\/comments?post=142914"}],"version-history":[{"count":0,"href":"https:\/\/www.europesays.com\/ee\/wp-json\/wp\/v2\/posts\/142914\/revisions"}],"wp:featuredmedia":[{"embeddable":true,"href":"https:\/\/www.europesays.com\/ee\/wp-json\/wp\/v2\/media\/142105"}],"wp:attachment":[{"href":"https:\/\/www.europesays.com\/ee\/wp-json\/wp\/v2\/media?parent=142914"}],"wp:term":[{"taxonomy":"category","embeddable":true,"href":"https:\/\/www.europesays.com\/ee\/wp-json\/wp\/v2\/categories?post=142914"},{"taxonomy":"post_tag","embeddable":true,"href":"https:\/\/www.europesays.com\/ee\/wp-json\/wp\/v2\/tags?post=142914"}],"curies":[{"name":"wp","href":"https:\/\/api.w.org\/{rel}","templated":true}]}}